{"id":87,"date":"2026-06-26T22:41:56","date_gmt":"2026-06-26T22:41:56","guid":{"rendered":"https:\/\/lifestarmagazin.com.tr\/?p=87"},"modified":"2026-06-26T22:41:56","modified_gmt":"2026-06-26T22:41:56","slug":"yesilcamin-efsane-ismine-veda-kadir-inanirin-cenaze-programi-belli-oldu","status":"publish","type":"post","link":"https:\/\/lifestarmagazin.com.tr\/?p=87","title":{"rendered":"Ye\u015fil\u00e7am\u2019\u0131n efsane ismine veda! Kadir \u0130nan\u0131r\u2019\u0131n cenaze program\u0131 belli oldu"},"content":{"rendered":"\n<p class=\"wp-block-paragraph\">77 ya\u015f\u0131nda hayata g\u00f6zlerini yuman usta oyuncu Kadir \u0130nan\u0131r&#8217;\u0131n cenaze program\u0131 belli oldu. Ye\u015fil\u00e7am\u2019\u0131n unutulmaz j\u00f6n\u00fc, yar\u0131n \u0130stanbul&#8217;daki Atat\u00fcrk K\u00fclt\u00fcr Merkezi&#8217;nde d\u00fczenlenecek t\u00f6renin ard\u0131ndan son yolculu\u011funa u\u011furlanacak.<\/p>\n\n\n\n<p class=\"wp-block-paragraph\">T\u00fcrk sinemas\u0131nda canland\u0131rd\u0131\u011f\u0131 g\u00fc\u00e7l\u00fc karakterlerle milyonlar\u0131n haf\u0131zas\u0131na kaz\u0131nan usta sanat\u00e7\u0131&nbsp;<a href=\"https:\/\/www.sondakika.com\/kadir-inanir\/\">Kadir \u0130nan\u0131r<\/a>, tedavi g\u00f6rd\u00fc\u011f\u00fc hastanede ya\u015fam\u0131n\u0131 yitirdi.&nbsp;<\/p>\n\n\n\n<h3 class=\"wp-block-heading\">77 YA\u015eINDA HAYATA G\u00d6ZLER\u0130N\u0130 YUMDU<\/h3>\n\n\n\n<p class=\"wp-block-paragraph\">14 May\u0131s tarihinde akci\u011ferlerindeki enfeksiyona ba\u011fl\u0131 geli\u015fen zat\u00fcrre te\u015fhisiyle acil olarak hastaneye kald\u0131r\u0131lan \u0130nan\u0131r, durumunun ciddiyetini korumas\u0131 \u00fczerine 6 g\u00fcn \u00f6nce yo\u011fun bak\u0131m \u00fcnitesine al\u0131nm\u0131\u015ft\u0131.&nbsp;Solunum s\u0131k\u0131nt\u0131lar\u0131n\u0131n artmas\u0131 nedeniyle doktorlar\u0131 taraf\u0131ndan kontroll\u00fc olarak ent\u00fcbe edilen usta oyuncu, uzman hekimlerin t\u00fcm yo\u011fun t\u0131bbi m\u00fcdahalelerine ra\u011fmen \u00e7oklu organ yetmezli\u011fi ve solunum yetmezli\u011fine yenik d\u00fc\u015ft\u00fc. 77 ya\u015f\u0131nda hayata g\u00f6zlerini yuman efsane akt\u00f6r\u00fcn vefat\u0131, sanat d\u00fcnyas\u0131n\u0131 ve t\u00fcm T\u00fcrkiye&#8217;yi yasa bo\u011fdu.<\/p>\n\n\n\n<h3 class=\"wp-block-heading\">\u0130LK T\u00d6REN AKM&#8217;DE D\u00dcZENLENECEK&nbsp;<\/h3>\n\n\n\n<p class=\"wp-block-paragraph\">Usta sanat\u00e7\u0131n\u0131n vefat\u0131n\u0131n ard\u0131ndan ger\u00e7ekle\u015ftirilecek olan cenaze t\u00f6reninin detaylar\u0131 da netle\u015fti.&nbsp;Kadir \u0130nan\u0131r i\u00e7in ilk olarak yar\u0131n saat 13.00\u2019te&nbsp;<a href=\"https:\/\/www.sondakika.com\/istanbul\/\">\u0130stanbul<\/a>&#8216;daki Atat\u00fcrk K\u00fclt\u00fcr Merkezi\u2019nde (<a href=\"https:\/\/www.sondakika.com\/akm\/\">AKM<\/a>) bir anma t\u00f6reni organize edilecek. T\u00fcrk sinemas\u0131na adad\u0131\u011f\u0131 \u00f6mr\u00fc ve geride b\u0131rakt\u0131\u011f\u0131 unutulmaz miras\u0131 i\u00e7in d\u00fczenlenecek bu t\u00f6rende, sanat\u00e7\u0131 dostlar\u0131 ve sevenleri efsane isme sayg\u0131 duru\u015funda bulunacak.<\/p>\n\n\n\n<h3 class=\"wp-block-heading\">ULUS MEZARLI\u011eI&#8217;NDA TOPRA\u011eA VER\u0130LECEK&nbsp;<\/h3>\n\n\n\n<p class=\"wp-block-paragraph\">AKM&#8217;deki anma merasiminin ard\u0131ndan usta oyuncunun naa\u015f\u0131, Levent&#8217;te bulunan Barbaros Hayrettin Pa\u015fa Camii\u2019ne sevk edilecek. Burada k\u0131l\u0131nacak cenaze namaz\u0131na m\u00fcteakiben Kadir \u0130nan\u0131r, dualar e\u015fli\u011finde Ulus Mezarl\u0131\u011f\u0131\u2019nda topra\u011fa verilerek son yolculu\u011funa u\u011furlanacak.<\/p>\n","protected":false},"excerpt":{"rendered":"<p>77 ya\u015f\u0131nda hayata g\u00f6zlerini yuman usta oyuncu Kadir \u0130nan\u0131r&#8217;\u0131n cenaze program\u0131 belli oldu. Ye\u015fil\u00e7am\u2019\u0131n unutulmaz&#8230;<\/p>\n","protected":false},"author":1,"featured_media":88,"comment_status":"open","ping_status":"open","sticky":false,"template":"","format":"standard","meta":{"footnotes":""},"categories":[3],"tags":[],"class_list":["post-87","post","type-post","status-publish","format-standard","has-post-thumbnail","hentry","category-guncel"],"_links":{"self":[{"href":"https:\/\/lifestarmagazin.com.tr\/index.php?rest_route=\/wp\/v2\/posts\/87","targetHints":{"allow":["GET"]}}],"collection":[{"href":"https:\/\/lifestarmagazin.com.tr\/index.php?rest_route=\/wp\/v2\/posts"}],"about":[{"href":"https:\/\/lifestarmagazin.com.tr\/index.php?rest_route=\/wp\/v2\/types\/post"}],"author":[{"embeddable":true,"href":"https:\/\/lifestarmagazin.com.tr\/index.php?rest_route=\/wp\/v2\/users\/1"}],"replies":[{"embeddable":true,"href":"https:\/\/lifestarmagazin.com.tr\/index.php?rest_route=%2Fwp%2Fv2%2Fcomments&post=87"}],"version-history":[{"count":1,"href":"https:\/\/lifestarmagazin.com.tr\/index.php?rest_route=\/wp\/v2\/posts\/87\/revisions"}],"predecessor-version":[{"id":89,"href":"https:\/\/lifestarmagazin.com.tr\/index.php?rest_route=\/wp\/v2\/posts\/87\/revisions\/89"}],"wp:featuredmedia":[{"embeddable":true,"href":"https:\/\/lifestarmagazin.com.tr\/index.php?rest_route=\/wp\/v2\/media\/88"}],"wp:attachment":[{"href":"https:\/\/lifestarmagazin.com.tr\/index.php?rest_route=%2Fwp%2Fv2%2Fmedia&parent=87"}],"wp:term":[{"taxonomy":"category","embeddable":true,"href":"https:\/\/lifestarmagazin.com.tr\/index.php?rest_route=%2Fwp%2Fv2%2Fcategories&post=87"},{"taxonomy":"post_tag","embeddable":true,"href":"https:\/\/lifestarmagazin.com.tr\/index.php?rest_route=%2Fwp%2Fv2%2Ftags&post=87"}],"curies":[{"name":"wp","href":"https:\/\/api.w.org\/{rel}","templated":true}]}}