{"id":84,"date":"2026-06-26T22:35:45","date_gmt":"2026-06-26T22:35:45","guid":{"rendered":"https:\/\/lifestarmagazin.com.tr\/?p=84"},"modified":"2026-06-26T22:35:46","modified_gmt":"2026-06-26T22:35:46","slug":"kadir-inanir-kimdir-yesilcamin-efsane-isminin-hayati-ve-unutulmaz-kariyeri","status":"publish","type":"post","link":"https:\/\/lifestarmagazin.com.tr\/?p=84","title":{"rendered":"Kadir \u0130nan\u0131r kimdir? Ye\u015fil\u00e7am&#8217;\u0131n efsane isminin hayat\u0131 ve unutulmaz kariyeri"},"content":{"rendered":"\n<p class=\"wp-block-paragraph\">T\u00fcrk sinemas\u0131n\u0131n ya\u015fayan efsanelerinden biri olarak g\u00f6sterilen Kadir \u0130nan\u0131r, 50 y\u0131l\u0131 a\u015fk\u0131n sanat ya\u015fam\u0131nda milyonlar\u0131n g\u00f6nl\u00fcnde taht kurdu. Rol ald\u0131\u011f\u0131 unutulmaz filmler ve kazand\u0131\u011f\u0131 say\u0131s\u0131z \u00f6d\u00fclle Ye\u015fil\u00e7am&#8217;\u0131n en g\u00fc\u00e7l\u00fc erkek oyuncular\u0131ndan biri olarak haf\u0131zalara kaz\u0131nd\u0131. Haks\u0131zl\u0131\u011fa kar\u015f\u0131 &#8220;Ben bu oyunu bozar\u0131m&#8221; diyen metanetli Tatar Ramazan\u2019\u0131m\u0131z, sevginin emek oldu\u011funu \u00f6\u011freten Al Yazmal\u0131m\u2019\u0131m\u0131z\u0131n \u0130lyas\u2019\u0131yd\u0131. \u0130nan\u0131r&#8217;\u0131n sinema kariyerindeki son filmi, 2019 yap\u0131m\u0131 Kap\u0131 filmiydi.<\/p>\n\n\n\n<p class=\"wp-block-paragraph\">T\u00fcrk sinemas\u0131n\u0131n yar\u0131m asra damga vuran isimlerinden&nbsp;<a href=\"https:\/\/www.sondakika.com\/kadir-inanir\/\">Kadir \u0130nan\u0131r<\/a>, sadece oynad\u0131\u011f\u0131 filmlerle de\u011fil, canland\u0131rd\u0131\u011f\u0131 unutulmaz karakterlerle de milyonlar\u0131n haf\u0131zas\u0131nda yer edindi. Ye\u015fil\u00e7am&#8217;\u0131n &#8220;j\u00f6n&#8221; kavram\u0131n\u0131 yeniden tan\u0131mlayan usta oyuncu, 180&#8217;i a\u015fk\u0131n filmdeki performans\u0131yla T\u00fcrk sinemas\u0131n\u0131n ya\u015fayan efsaneleri aras\u0131na ad\u0131n\u0131 yazd\u0131rd\u0131. \u0130\u015fte ard\u0131nda unutulmaz bir miras b\u0131rakan Kadir \u0130nan\u0131r&#8217;\u0131n hayat\u0131 ve sanat yolculu\u011fu&#8230;<\/p>\n\n\n\n<h3 class=\"wp-block-heading\">T\u00dcRK S\u0130NEMASININ EFSANE \u0130SM\u0130<\/h3>\n\n\n\n<p class=\"wp-block-paragraph\">T\u00fcrk sinemas\u0131n\u0131n unutulmaz isimlerinden Kadir \u0130nan\u0131r, 15 Nisan 1949&#8217;da Ordu&#8217;nun Fatsa il\u00e7esinde d\u00fcnyaya geldi. Aslen Trabzon&#8217;un S\u00fcrmene il\u00e7esinden olan \u0130nan\u0131r, ailesinin son \u00e7ocu\u011fuydu. \u0130lk ve orta \u00f6\u011frenimini Fatsa&#8217;da tamamlad\u0131ktan sonra \u0130stanbul Haydarpa\u015fa Lisesi&#8217;nde yat\u0131l\u0131 e\u011fitim g\u00f6rd\u00fc. Daha sonra Marmara \u00dcniversitesi \u0130leti\u015fim Fak\u00fcltesi Radyo-Televizyon B\u00f6l\u00fcm\u00fc&#8217;nden mezun oldu.<\/p>\n\n\n\n<figure class=\"wp-block-image\"><img decoding=\"async\" src=\"https:\/\/foto.sondakika.com\/haber\/2026\/06\/26\/kadir-inanir-kimdir-yesilcamin-19993582-8951_1_m.jpg\" alt=\"Kadir \u0130nan\u0131r kimdir? Ye\u015fil\u00e7am'\u0131n efsane isminin hayat\u0131 ve unutulmaz kariyeri\"\/><\/figure>\n\n\n\n<h3 class=\"wp-block-heading\">S\u0130NEMAYA FOTOROMANLA ADIM ATTI<\/h3>\n\n\n\n<p class=\"wp-block-paragraph\">1968 y\u0131l\u0131nda Ses dergisi&#8217;nin d\u00fczenledi\u011fi &#8220;<a href=\"https:\/\/www.sondakika.com\/sinema\/\">Sinema<\/a>&nbsp;Artisti Yar\u0131\u015fmas\u0131&#8221;na kat\u0131ld\u0131. Bu yar\u0131\u015fmada yer alan di\u011fer yar\u0131\u015fmac\u0131lar U\u011fur G\u00fc\u00e7l\u00fc, Engin \u00c7a\u011flar, Aykut Bora, S\u00fcmer Tilma\u00e7, Demir Karahan, S\u00fchan Baydar ve Altan Bozkurt aras\u0131nda ilk \u00fc\u00e7e giremedi.<\/p>\n\n\n\n<p class=\"wp-block-paragraph\">Ancak Saklamba\u00e7 Gazetesi&#8217;nin d\u00fczenledi\u011fi Fotoroman Artisti Yar\u0131\u015fmas\u0131&#8217;nda birinci olan kazanarak \u0130nan\u0131r, bir s\u00fcre fotoromanlarda rol ald\u0131. Ayn\u0131 y\u0131l Yedi Ad\u0131m Sonra filmiyle sinemaya giri\u015f yapt\u0131.<\/p>\n\n\n\n<p class=\"wp-block-paragraph\"><img decoding=\"async\" alt=\"\u0130lk sinema filmi 7 Ad\u0131m sonra\" src=\"https:\/\/foto.sondakika.com\/haber\/2026\/06\/26\/kadir-inanir-kimdir-yesilcamin-19993582-1117_1_m.jpg\">\u0130lk sinema filmi 7 Ad\u0131m sonra<\/p>\n\n\n\n<p class=\"wp-block-paragraph\">&nbsp;\u0130lk ba\u015frol\u00fcn\u00fc ise 1970 y\u0131l\u0131nda At\u0131f Y\u0131lmaz&#8217;\u0131n y\u00f6netti\u011fi Kara G\u00f6zl\u00fcm filminde T\u00fcrkan \u015eoray ile payla\u015ft\u0131. \u0130kili, y\u0131llar i\u00e7inde T\u00fcrk sinemas\u0131n\u0131n en unutulmaz partnerlerinden biri haline geldi.<\/p>\n\n\n\n<h3 class=\"wp-block-heading\">YE\u015e\u0130L\u00c7AM&#8217;IN VAZGE\u00c7\u0130LMEZ J\u00d6N\u00dc OLDU<\/h3>\n\n\n\n<p class=\"wp-block-paragraph\">1970&#8217;li ve 1980&#8217;li y\u0131llarda Ye\u015fil\u00e7am&#8217;\u0131n en \u00e7ok aranan oyuncular\u0131ndan biri olan Kadir \u0130nan\u0131r; Selvi Boylum Al Yazmal\u0131m, Utan\u00e7, Bir Yudum Sevgi, Ah G\u00fczel \u0130stanbul, K\u0131r\u0131k Bir A\u015fk Hikayesi, Tomruk, Kat\u0131rc\u0131lar,&nbsp;<a href=\"https:\/\/www.sondakika.com\/tatar\/\">Tatar<\/a>&nbsp;Ramazan ve Tatar Ramazan S\u00fcrg\u00fcnde gibi T\u00fcrk sinemas\u0131na damga vuran yap\u0131mlarda rol ald\u0131. Canland\u0131rd\u0131\u011f\u0131 karakterlerle d\u00fcr\u00fcst, g\u00fc\u00e7l\u00fc ve haks\u0131zl\u0131\u011fa boyun e\u011fmeyen erkek fig\u00fcr\u00fcn\u00fcn simgesi oldu.<\/p>\n\n\n\n<p class=\"wp-block-paragraph\"><img decoding=\"async\" alt=\"Tatar Ramazan\" src=\"https:\/\/foto.sondakika.com\/haber\/2026\/06\/26\/kadir-inanir-kimdir-yesilcamin-19993582-3349_1_m.jpg\">Tatar Ramazan<\/p>\n\n\n\n<h3 class=\"wp-block-heading\">\u00d6D\u00dcLLERLE TA\u00c7LANAN BA\u015eARILI KAR\u0130YER<\/h3>\n\n\n\n<p class=\"wp-block-paragraph\">Ba\u015far\u0131l\u0131 kariyeri boyunca bir\u00e7ok \u00f6d\u00fcle lay\u0131k g\u00f6r\u00fclen \u0130nan\u0131r, Utan\u00e7 filmiyle Alt\u0131n Koza Film Festivali&#8217;nde, Y\u0131lanlar\u0131n \u00d6c\u00fc ile Antalya Alt\u0131n Portakal Film Festivali&#8217;nde ve Medcezir Manzaralar\u0131 ile Ankara Film Festivali&#8217;nde En \u0130yi Erkek Oyuncu \u00f6d\u00fcllerini kazand\u0131.<\/p>\n\n\n\n<h3 class=\"wp-block-heading\">TELEV\u0130ZYONDA DA \u0130Z BIRAKTI<\/h3>\n\n\n\n<p class=\"wp-block-paragraph\">Sadece sinemada de\u011fil televizyon ekranlar\u0131nda da izleyiciyle bulu\u015fan \u0130nan\u0131r, Marziye ba\u015fta olmak \u00fczere \u00e7ok say\u0131da dizide rol ald\u0131. Ayr\u0131ca 1995-1996 y\u0131llar\u0131nda Kanal D&#8217;de yay\u0131mlanan B\u00f6yle Gitmez, 1998 y\u0131l\u0131nda ise Flash TV Ana Haber B\u00fclteni&#8217;nin sunuculu\u011funu \u00fcstlendi.<\/p>\n\n\n\n<h3 class=\"wp-block-heading\">SON F\u0130LM\u0130 &#8220;KAPI&#8221; OLDU<\/h3>\n\n\n\n<p class=\"wp-block-paragraph\">Yakla\u015f\u0131k yar\u0131m as\u0131rl\u0131k sanat ya\u015fam\u0131na 180&#8217;i a\u015fk\u0131n sinema filmi ve 12 televizyon dizisi s\u0131\u011fd\u0131ran Kadir \u0130nan\u0131r, son olarak 2019 yap\u0131m\u0131 Kap\u0131 filminde seyirci kar\u015f\u0131s\u0131na \u00e7\u0131kt\u0131. Nihat Durak&#8217;\u0131n y\u00f6netti\u011fi filmde Yakup karakterini canland\u0131ran usta oyuncu, bu yap\u0131mla yedi y\u0131l aran\u0131n ard\u0131ndan yeniden kamera kar\u015f\u0131s\u0131na ge\u00e7ti. Film, sanat\u00e7\u0131n\u0131n sinemaya veda etti\u011fi son proje olarak haf\u0131zalara kaz\u0131nd\u0131.<\/p>\n\n\n\n<h3 class=\"wp-block-heading\">\u00d6ZEL YA\u015eAMI<\/h3>\n\n\n\n<p class=\"wp-block-paragraph\">Uzun y\u0131llard\u0131r oyuncu ve yazar&nbsp;<a href=\"https:\/\/www.sondakika.com\/julide-kural\/\">J\u00fclide Kural<\/a>&nbsp;ile birlikte olan Kadir \u0130nan\u0131r, ayn\u0131 zamanda m\u00fczisyen&nbsp;<a href=\"https:\/\/www.sondakika.com\/soner-arica\/\">Soner Ar\u0131ca<\/a>, eski milli futbolcu Erdo\u011fan Ar\u0131ca ve oyuncu Levent \u0130nan\u0131r&#8217;\u0131n day\u0131s\u0131yd\u0131.<\/p>\n\n\n\n<p class=\"wp-block-paragraph\"><img decoding=\"async\" alt=\"Kadir \u0130nan\u0131r- J\u00fclide Kural&nbsp;\" src=\"https:\/\/foto.sondakika.com\/haber\/2026\/06\/26\/kadir-inanir-kimdir-yesilcamin-19993582-9365_1_m.jpg\">Kadir \u0130nan\u0131r- J\u00fclide Kural&nbsp;<\/p>\n\n\n\n<h3 class=\"wp-block-heading\">YO\u011eUN BAKIMDAYDI&nbsp;<\/h3>\n\n\n\n<p class=\"wp-block-paragraph\">2024 y\u0131l\u0131nda ge\u00e7irdi\u011fi rahats\u0131zl\u0131klar\u0131n ard\u0131ndan uzun s\u00fcre tedavi g\u00f6ren usta sanat\u00e7\u0131, 2026 y\u0131l\u0131nda zat\u00fcrre nedeniyle yo\u011fun bak\u0131ma al\u0131nd\u0131. Sa\u011fl\u0131k durumu a\u011f\u0131rla\u015f\u0131nca ent\u00fcbe edilen Kadir \u0130nan\u0131r 6 6 g\u00fcn yo\u011fun bak\u0131mda kald\u0131ktan sonra bug\u00fcn, 77 ya\u015f\u0131nda hayat\u0131n\u0131 kaybetti.<\/p>\n\n\n\n<figure class=\"wp-block-image\"><img decoding=\"async\" src=\"https:\/\/foto.sondakika.com\/haber\/2026\/06\/26\/kadir-inanir-kimdir-yesilcamin-19993582-7249_1_m.jpg\" alt=\"Kadir \u0130nan\u0131r kimdir? Ye\u015fil\u00e7am'\u0131n efsane isminin hayat\u0131 ve unutulmaz kariyeri\"\/><\/figure>\n\n\n\n<p class=\"wp-block-paragraph\">Ard\u0131nda yaln\u0131zca y\u00fczlerce yap\u0131m de\u011fil; T\u00fcrk sinemas\u0131n\u0131n haf\u0131zas\u0131na kaz\u0131nan onlarca unutulmaz karakter b\u0131rakan Kadir \u0130nan\u0131r, Ye\u015fil\u00e7am&#8217;\u0131n en g\u00fc\u00e7l\u00fc ve en karizmatik oyuncular\u0131ndan biri olarak an\u0131lmaya devam edecek.<\/p>\n\n\n\n<figure class=\"wp-block-image\"><img decoding=\"async\" src=\"https:\/\/foto.sondakika.com\/haber\/2026\/06\/26\/kadir-inanir-kimdir-yesilcamin-19993582-5807_1_m.jpg\" alt=\"Kadir \u0130nan\u0131r kimdir? Ye\u015fil\u00e7am'\u0131n efsane isminin hayat\u0131 ve unutulmaz kariyeri\"\/><\/figure>\n\n\n\n<figure class=\"wp-block-image\"><img decoding=\"async\" src=\"https:\/\/foto.sondakika.com\/haber\/2026\/06\/26\/kadir-inanir-kimdir-yesilcamin-19993582-4489_2_m.jpg\" alt=\"Kadir \u0130nan\u0131r kimdir? Ye\u015fil\u00e7am'\u0131n efsane isminin hayat\u0131 ve unutulmaz kariyeri\"\/><\/figure>\n\n\n\n<figure class=\"wp-block-image\"><img decoding=\"async\" src=\"https:\/\/foto.sondakika.com\/haber\/2026\/06\/26\/kadir-inanir-kimdir-yesilcamin-19993582-6460_3_m.jpg\" alt=\"Kadir \u0130nan\u0131r kimdir? Ye\u015fil\u00e7am'\u0131n efsane isminin hayat\u0131 ve unutulmaz kariyeri\"\/><\/figure>\n\n\n\n<figure class=\"wp-block-image\"><img decoding=\"async\" src=\"https:\/\/foto.sondakika.com\/haber\/2026\/06\/26\/kadir-inanir-kimdir-yesilcamin-19993582-3328_4_m.jpg\" alt=\"Kadir \u0130nan\u0131r kimdir? Ye\u015fil\u00e7am'\u0131n efsane isminin hayat\u0131 ve unutulmaz kariyeri\"\/><\/figure>\n","protected":false},"excerpt":{"rendered":"<p>T\u00fcrk sinemas\u0131n\u0131n ya\u015fayan efsanelerinden biri olarak g\u00f6sterilen Kadir \u0130nan\u0131r, 50 y\u0131l\u0131 a\u015fk\u0131n sanat ya\u015fam\u0131nda milyonlar\u0131n&#8230;<\/p>\n","protected":false},"author":1,"featured_media":85,"comment_status":"open","ping_status":"open","sticky":false,"template":"","format":"standard","meta":{"footnotes":""},"categories":[3],"tags":[],"class_list":["post-84","post","type-post","status-publish","format-standard","has-post-thumbnail","hentry","category-guncel"],"_links":{"self":[{"href":"https:\/\/lifestarmagazin.com.tr\/index.php?rest_route=\/wp\/v2\/posts\/84","targetHints":{"allow":["GET"]}}],"collection":[{"href":"https:\/\/lifestarmagazin.com.tr\/index.php?rest_route=\/wp\/v2\/posts"}],"about":[{"href":"https:\/\/lifestarmagazin.com.tr\/index.php?rest_route=\/wp\/v2\/types\/post"}],"author":[{"embeddable":true,"href":"https:\/\/lifestarmagazin.com.tr\/index.php?rest_route=\/wp\/v2\/users\/1"}],"replies":[{"embeddable":true,"href":"https:\/\/lifestarmagazin.com.tr\/index.php?rest_route=%2Fwp%2Fv2%2Fcomments&post=84"}],"version-history":[{"count":1,"href":"https:\/\/lifestarmagazin.com.tr\/index.php?rest_route=\/wp\/v2\/posts\/84\/revisions"}],"predecessor-version":[{"id":86,"href":"https:\/\/lifestarmagazin.com.tr\/index.php?rest_route=\/wp\/v2\/posts\/84\/revisions\/86"}],"wp:featuredmedia":[{"embeddable":true,"href":"https:\/\/lifestarmagazin.com.tr\/index.php?rest_route=\/wp\/v2\/media\/85"}],"wp:attachment":[{"href":"https:\/\/lifestarmagazin.com.tr\/index.php?rest_route=%2Fwp%2Fv2%2Fmedia&parent=84"}],"wp:term":[{"taxonomy":"category","embeddable":true,"href":"https:\/\/lifestarmagazin.com.tr\/index.php?rest_route=%2Fwp%2Fv2%2Fcategories&post=84"},{"taxonomy":"post_tag","embeddable":true,"href":"https:\/\/lifestarmagazin.com.tr\/index.php?rest_route=%2Fwp%2Fv2%2Ftags&post=84"}],"curies":[{"name":"wp","href":"https:\/\/api.w.org\/{rel}","templated":true}]}}