{"id":68,"date":"2026-06-26T10:56:42","date_gmt":"2026-06-26T10:56:42","guid":{"rendered":"https:\/\/lifestarmagazin.com.tr\/?p=68"},"modified":"2026-06-26T10:56:42","modified_gmt":"2026-06-26T10:56:42","slug":"tatildeyken-imzayi-atti-cemre-bayselin-yeni-partneri-belli-oldu","status":"publish","type":"post","link":"https:\/\/lifestarmagazin.com.tr\/?p=68","title":{"rendered":"Tatildeyken imzay\u0131 att\u0131! Cemre Baysel&#8217;in yeni partneri belli oldu"},"content":{"rendered":"\n<p class=\"wp-block-paragraph\">&#8220;G\u00fcller ve G\u00fcnahlar&#8221; dizisiyle ad\u0131ndan s\u00f6z ettiren Cemre Baysel&#8217;in yeni projesi belli oldu. \u00dcnl\u00fc oyuncu, Karadeniz&#8217;in tan\u0131t\u0131m\u0131 i\u00e7in \u00e7ekilecek &#8220;Kalbimin Rotas\u0131 Karadeniz&#8221; mini dizisinde \u0130lhan \u015een ile ba\u015frol\u00fc payla\u015facak.<\/p>\n\n\n\n<p class=\"wp-block-paragraph\">Kendisinden 20 ya\u015f b\u00fcy\u00fck \u00fcnl\u00fc oyuncu Murat Y\u0131ld\u0131r\u0131m ile ba\u015frol\u00fcn\u00fc payla\u015ft\u0131\u011f\u0131 &#8220;G\u00fcller ve G\u00fcnahlar&#8221; dizisiyle b\u00fcy\u00fck be\u011feni toplayan&nbsp;<a href=\"https:\/\/www.sondakika.com\/cemre-baysel\/\">Cemre Baysel<\/a>, sezon finalinin ard\u0131ndan tatil sezonunu a\u00e7t\u0131.&nbsp;<\/p>\n\n\n\n<figure class=\"wp-block-image\"><img decoding=\"async\" src=\"https:\/\/foto.sondakika.com\/haber\/2026\/06\/26\/tatildeyken-imzayi-atti-cemre-97396319-3343_1_m.jpg\" alt=\"Tatildeyken imzay\u0131 att\u0131! Cemre Baysel'in yeni partneri belli oldu\"\/><\/figure>\n\n\n\n<p class=\"wp-block-paragraph\">Aradaki ya\u015f fark\u0131 olduk\u00e7a ele\u015ftirilen ikili buna ra\u011fmen iyi bir uyum yakalad\u0131. Yap\u0131m\u0131n sezon finaline girmesiyle \u00fcnl\u00fc oyuncu kendisine gelen teklifleri de\u011ferlendirmeye ba\u015flad\u0131.<\/p>\n\n\n\n<figure class=\"wp-block-image\"><img decoding=\"async\" src=\"https:\/\/foto.sondakika.com\/haber\/2026\/06\/26\/tatildeyken-imzayi-atti-cemre-92652047-4289_1_m.jpg\" alt=\"Tatildeyken imzay\u0131 att\u0131! Cemre Baysel'in yeni partneri belli oldu\"\/><\/figure>\n\n\n\n<h3 class=\"wp-block-heading\">YEN\u0130 PROJES\u0130 BELL\u0130 OLDU<\/h3>\n\n\n\n<p class=\"wp-block-paragraph\">Ba\u015far\u0131l\u0131 oyuncunun,&nbsp;<a href=\"https:\/\/www.sondakika.com\/karadeniz\/\">Karadeniz<\/a>&nbsp;B\u00f6lgesi&#8217;nin tan\u0131t\u0131m\u0131 amac\u0131yla haz\u0131rlanan &#8220;Go T\u00fcrkiye&#8221; projesi kapsam\u0131nda \u00e7ekilecek &#8220;Kalbimin Rotas\u0131 Karadeniz&#8221; adl\u0131 mini dizi i\u00e7in anla\u015fma sa\u011flad\u0131\u011f\u0131 \u00f6\u011frenildi.<\/p>\n\n\n\n<figure class=\"wp-block-image\"><img decoding=\"async\" src=\"https:\/\/foto.sondakika.com\/haber\/2026\/06\/26\/tatildeyken-imzayi-atti-cemre-89376499-8872_1_m.jpg\" alt=\"Tatildeyken imzay\u0131 att\u0131! Cemre Baysel'in yeni partneri belli oldu\"\/><\/figure>\n\n\n\n<h3 class=\"wp-block-heading\">YEN\u0130 PARTNER\u0130 \u0130LHAN \u015eEN<\/h3>\n\n\n\n<p class=\"wp-block-paragraph\">Birsen Altunta\u015f&#8217;\u0131n haberine g\u00f6re, Emre Kavuk&#8217;un kaleme ald\u0131\u011f\u0131 mini dizinin ba\u015frollerini Cemre Baysel ile&nbsp;<a href=\"https:\/\/www.sondakika.com\/ilhan-sen\/\">\u0130lhan \u015een<\/a>&nbsp;payla\u015facak. \u00c7ekimlerine temmuz ay\u0131n\u0131n ikinci haftas\u0131nda ba\u015flanmas\u0131 planlanan projede ikili yeniden ayn\u0131 seti payla\u015facak.<\/p>\n\n\n\n<figure class=\"wp-block-image\"><img decoding=\"async\" src=\"https:\/\/foto.sondakika.com\/haber\/2026\/06\/26\/tatildeyken-imzayi-atti-cemre-60831370-4855_1_m.jpg\" alt=\"Tatildeyken imzay\u0131 att\u0131! Cemre Baysel'in yeni partneri belli oldu\"\/><\/figure>\n\n\n\n<p class=\"wp-block-paragraph\">Cemre Baysel ile \u0130lhan \u015een daha \u00f6nce &#8220;Ramo&#8221; dizisinde ve 2024 y\u0131l\u0131nda Deniz Denizciler&#8217;in y\u00f6netti\u011fi &#8216;A\u015fk Filmi&#8217;nde birlikte kamera kar\u015f\u0131s\u0131na ge\u00e7mi\u015fti.<\/p>\n\n\n\n<figure class=\"wp-block-image\"><img decoding=\"async\" src=\"https:\/\/foto.sondakika.com\/haber\/2026\/06\/26\/tatildeyken-imzayi-atti-cemre-75274911-1430_1_m.jpg\" alt=\"Tatildeyken imzay\u0131 att\u0131! Cemre Baysel'in yeni partneri belli oldu\"\/><\/figure>\n","protected":false},"excerpt":{"rendered":"<p>&#8220;G\u00fcller ve G\u00fcnahlar&#8221; dizisiyle ad\u0131ndan s\u00f6z ettiren Cemre Baysel&#8217;in yeni projesi belli oldu. \u00dcnl\u00fc oyuncu,&#8230;<\/p>\n","protected":false},"author":1,"featured_media":69,"comment_status":"open","ping_status":"open","sticky":false,"template":"","format":"standard","meta":{"footnotes":""},"categories":[3],"tags":[],"class_list":["post-68","post","type-post","status-publish","format-standard","has-post-thumbnail","hentry","category-guncel"],"_links":{"self":[{"href":"https:\/\/lifestarmagazin.com.tr\/index.php?rest_route=\/wp\/v2\/posts\/68","targetHints":{"allow":["GET"]}}],"collection":[{"href":"https:\/\/lifestarmagazin.com.tr\/index.php?rest_route=\/wp\/v2\/posts"}],"about":[{"href":"https:\/\/lifestarmagazin.com.tr\/index.php?rest_route=\/wp\/v2\/types\/post"}],"author":[{"embeddable":true,"href":"https:\/\/lifestarmagazin.com.tr\/index.php?rest_route=\/wp\/v2\/users\/1"}],"replies":[{"embeddable":true,"href":"https:\/\/lifestarmagazin.com.tr\/index.php?rest_route=%2Fwp%2Fv2%2Fcomments&post=68"}],"version-history":[{"count":1,"href":"https:\/\/lifestarmagazin.com.tr\/index.php?rest_route=\/wp\/v2\/posts\/68\/revisions"}],"predecessor-version":[{"id":70,"href":"https:\/\/lifestarmagazin.com.tr\/index.php?rest_route=\/wp\/v2\/posts\/68\/revisions\/70"}],"wp:featuredmedia":[{"embeddable":true,"href":"https:\/\/lifestarmagazin.com.tr\/index.php?rest_route=\/wp\/v2\/media\/69"}],"wp:attachment":[{"href":"https:\/\/lifestarmagazin.com.tr\/index.php?rest_route=%2Fwp%2Fv2%2Fmedia&parent=68"}],"wp:term":[{"taxonomy":"category","embeddable":true,"href":"https:\/\/lifestarmagazin.com.tr\/index.php?rest_route=%2Fwp%2Fv2%2Fcategories&post=68"},{"taxonomy":"post_tag","embeddable":true,"href":"https:\/\/lifestarmagazin.com.tr\/index.php?rest_route=%2Fwp%2Fv2%2Ftags&post=68"}],"curies":[{"name":"wp","href":"https:\/\/api.w.org\/{rel}","templated":true}]}}