{"id":62,"date":"2026-06-26T10:53:04","date_gmt":"2026-06-26T10:53:04","guid":{"rendered":"https:\/\/lifestarmagazin.com.tr\/?p=62"},"modified":"2026-06-26T10:53:04","modified_gmt":"2026-06-26T10:53:04","slug":"afra-saracoglu-sezonun-yorgunlugunu-denizde-atti-verdigi-pozlar-olay-oldu","status":"publish","type":"post","link":"https:\/\/lifestarmagazin.com.tr\/?p=62","title":{"rendered":"Afra Sara\u00e7o\u011flu sezonun yorgunlu\u011funu denizde att\u0131! Verdi\u011fi pozlar olay oldu"},"content":{"rendered":"\n<p class=\"wp-block-paragraph\">Yo\u011fun ge\u00e7en sezonun ard\u0131ndan tatile \u00e7\u0131kan Afra Sara\u00e7o\u011flu, deniz ve g\u00fcne\u015fin tad\u0131n\u0131 \u00e7\u0131kard\u0131\u011f\u0131 anlar\u0131 takip\u00e7ileriyle payla\u015ft\u0131. Siyah bikinili pozlar\u0131yla dikkat \u00e7eken oyuncu, yeni projeleri \u00f6ncesinde dinlenerek enerji topluyor.<\/p>\n\n\n\n<p class=\"wp-block-paragraph\">Yo\u011fun bir sezon ge\u00e7iren oyuncu&nbsp;<a href=\"https:\/\/www.sondakika.com\/afra-saracoglu\/\">Afra Sara\u00e7o\u011flu<\/a>, \u00e7al\u0131\u015fmalar\u0131na k\u0131sa bir ara vererek tatile \u00e7\u0131kt\u0131. Son d\u00f6nemde rol ald\u0131\u011f\u0131 projeyle ad\u0131ndan s\u00f6z ettiren Sara\u00e7o\u011flu, sezonun yorgunlu\u011funu deniz kenar\u0131nda dinlenerek atmay\u0131 tercih etti.<\/p>\n\n\n\n<p class=\"wp-block-paragraph\">Tatilinden kareleri takip\u00e7ileriyle payla\u015fan oyuncu, konum bilgisi vermeden ge\u00e7irdi\u011fi keyifli anlar\u0131 sosyal medya hesab\u0131nda yay\u0131mlad\u0131.<\/p>\n\n\n\n<figure class=\"wp-block-image\"><img decoding=\"async\" src=\"https:\/\/foto.sondakika.com\/haber\/2026\/06\/24\/afra-saracoglu-sezonun-yorgunl-19982497-9006_1_m.jpg\" alt=\"Afra Sara\u00e7o\u011flu sezonun yorgunlu\u011funu denizde att\u0131! Verdi\u011fi pozlar olay oldu\"\/><\/figure>\n\n\n\n<h3 class=\"wp-block-heading\">PAYLA\u015eIMLARI D\u0130KKAT \u00c7EKT\u0130<\/h3>\n\n\n\n<p class=\"wp-block-paragraph\">28 ya\u015f\u0131ndaki oyuncu, siyah bikiniyle verdi\u011fi pozlar\u0131yla ilgi g\u00f6rd\u00fc. Tatil foto\u011fraflar\u0131 k\u0131sa s\u00fcrede \u00e7ok say\u0131da be\u011feni ve yorum al\u0131rken, Sara\u00e7o\u011flu&#8217;nun do\u011fal halleri de dikkat \u00e7ekti.<\/p>\n\n\n\n<figure class=\"wp-block-image\"><img decoding=\"async\" src=\"https:\/\/foto.sondakika.com\/haber\/2026\/06\/24\/afra-saracoglu-sezonun-yorgunl-19982497-2136_1_m.jpg\" alt=\"Afra Sara\u00e7o\u011flu sezonun yorgunlu\u011funu denizde att\u0131! Verdi\u011fi pozlar olay oldu\"\/><\/figure>\n\n\n\n<h3 class=\"wp-block-heading\">YEN\u0130 PROJELER \u00d6NCES\u0130 ENERJ\u0130 TOPLUYOR<\/h3>\n\n\n\n<p class=\"wp-block-paragraph\">Ba\u015far\u0131l\u0131 oyuncu, yo\u011fun ge\u00e7en sezonun ard\u0131ndan verdi\u011fi tatil molas\u0131yla dinlenme f\u0131rsat\u0131 buldu. Sara\u00e7o\u011flu&#8217;nun yeni projeleri \u00f6ncesinde enerji depolad\u0131\u011f\u0131 belirtildi.<\/p>\n\n\n\n<figure class=\"wp-block-image\"><img decoding=\"async\" src=\"https:\/\/foto.sondakika.com\/haber\/2026\/06\/24\/afra-saracoglu-sezonun-yorgunl-19982497-4658_1_m.jpg\" alt=\"Afra Sara\u00e7o\u011flu sezonun yorgunlu\u011funu denizde att\u0131! Verdi\u011fi pozlar olay oldu\"\/><\/figure>\n","protected":false},"excerpt":{"rendered":"<p>Yo\u011fun ge\u00e7en sezonun ard\u0131ndan tatile \u00e7\u0131kan Afra Sara\u00e7o\u011flu, deniz ve g\u00fcne\u015fin tad\u0131n\u0131 \u00e7\u0131kard\u0131\u011f\u0131 anlar\u0131 takip\u00e7ileriyle&#8230;<\/p>\n","protected":false},"author":1,"featured_media":63,"comment_status":"open","ping_status":"open","sticky":false,"template":"","format":"standard","meta":{"footnotes":""},"categories":[3],"tags":[],"class_list":["post-62","post","type-post","status-publish","format-standard","has-post-thumbnail","hentry","category-guncel"],"_links":{"self":[{"href":"https:\/\/lifestarmagazin.com.tr\/index.php?rest_route=\/wp\/v2\/posts\/62","targetHints":{"allow":["GET"]}}],"collection":[{"href":"https:\/\/lifestarmagazin.com.tr\/index.php?rest_route=\/wp\/v2\/posts"}],"about":[{"href":"https:\/\/lifestarmagazin.com.tr\/index.php?rest_route=\/wp\/v2\/types\/post"}],"author":[{"embeddable":true,"href":"https:\/\/lifestarmagazin.com.tr\/index.php?rest_route=\/wp\/v2\/users\/1"}],"replies":[{"embeddable":true,"href":"https:\/\/lifestarmagazin.com.tr\/index.php?rest_route=%2Fwp%2Fv2%2Fcomments&post=62"}],"version-history":[{"count":1,"href":"https:\/\/lifestarmagazin.com.tr\/index.php?rest_route=\/wp\/v2\/posts\/62\/revisions"}],"predecessor-version":[{"id":64,"href":"https:\/\/lifestarmagazin.com.tr\/index.php?rest_route=\/wp\/v2\/posts\/62\/revisions\/64"}],"wp:featuredmedia":[{"embeddable":true,"href":"https:\/\/lifestarmagazin.com.tr\/index.php?rest_route=\/wp\/v2\/media\/63"}],"wp:attachment":[{"href":"https:\/\/lifestarmagazin.com.tr\/index.php?rest_route=%2Fwp%2Fv2%2Fmedia&parent=62"}],"wp:term":[{"taxonomy":"category","embeddable":true,"href":"https:\/\/lifestarmagazin.com.tr\/index.php?rest_route=%2Fwp%2Fv2%2Fcategories&post=62"},{"taxonomy":"post_tag","embeddable":true,"href":"https:\/\/lifestarmagazin.com.tr\/index.php?rest_route=%2Fwp%2Fv2%2Ftags&post=62"}],"curies":[{"name":"wp","href":"https:\/\/api.w.org\/{rel}","templated":true}]}}