{"id":59,"date":"2026-06-26T10:51:46","date_gmt":"2026-06-26T10:51:46","guid":{"rendered":"https:\/\/lifestarmagazin.com.tr\/?p=59"},"modified":"2026-06-26T10:51:46","modified_gmt":"2026-06-26T10:51:46","slug":"rock-muzigin-asi-kizi-ozlem-tekin-yillar-sonra-kameraya-yakalandi","status":"publish","type":"post","link":"https:\/\/lifestarmagazin.com.tr\/?p=59","title":{"rendered":"Rock m\u00fczi\u011fin asi k\u0131z\u0131 \u00d6zlem Tekin y\u0131llar sonra kameraya yakaland\u0131"},"content":{"rendered":"\n<p class=\"wp-block-paragraph\">Rock m\u00fczi\u011fin as\u0131 k\u0131z\u0131 olarak bilinen ve bir d\u00f6nemin pop\u00fcler rock y\u0131ld\u0131zlar\u0131ndan biri olan \u00d6zlem Tekin y\u0131llar sonra kameralara yakaland\u0131. Y\u0131llar \u00f6nce \u015f\u00f6hret hayat\u0131n\u0131 geride b\u0131rakarak k\u00f6ye yerle\u015fen ve g\u00f6zlerden uzak bir ya\u015fam\u0131 tercih eden Tekin Bodrum G\u00fcndo\u011fan&#8217;da g\u00f6r\u00fcnt\u00fclendi. Kameralar\u0131 g\u00f6ren Tekin k\u0131sa s\u00fcreli panik ya\u015fad\u0131.<\/p>\n\n\n\n<p class=\"wp-block-paragraph\">T\u00fcrk rock m\u00fczi\u011finin unutulmaz isimlerinden&nbsp;<a href=\"https:\/\/www.sondakika.com\/ozlem-tekin\/\">\u00d6zlem Tekin<\/a>, kariyerinin zirvesindeyken ald\u0131\u011f\u0131 s\u00fcrpriz kararla sanat hayat\u0131na ara vermi\u015f ve g\u00f6zlerden uzak bir ya\u015fam s\u00fcrmeye ba\u015flam\u0131\u015ft\u0131.<\/p>\n\n\n\n<figure class=\"wp-block-image\"><img decoding=\"async\" src=\"https:\/\/foto.sondakika.com\/haber\/2026\/06\/24\/rock-muzigin-asi-kizi-ozlem-te-61569874-8198_1_m.jpg\" alt=\"Rock m\u00fczi\u011fin asi k\u0131z\u0131 \u00d6zlem Tekin y\u0131llar sonra kameraya yakaland\u0131\"\/><\/figure>\n\n\n\n<p class=\"wp-block-paragraph\">&#8220;Hep Yek&#8221;, &#8220;Da\u011flar\u0131 Deldim&#8221;, &#8220;Sen Anla&#8221; ve &#8220;Kargalar&#8221; gibi hit \u015fark\u0131larla geni\u015f bir hayran kitlesine ula\u015fan Tekin, son alb\u00fcm\u00fcn\u00fc 2015 y\u0131l\u0131nda yay\u0131mlam\u0131\u015ft\u0131.<\/p>\n\n\n\n<figure class=\"wp-block-image\"><img decoding=\"async\" src=\"https:\/\/foto.sondakika.com\/haber\/2026\/06\/24\/rock-muzigin-asi-kizi-ozlem-te-87812352-1374_1_m.jpg\" alt=\"Rock m\u00fczi\u011fin asi k\u0131z\u0131 \u00d6zlem Tekin y\u0131llar sonra kameraya yakaland\u0131\"\/><\/figure>\n\n\n\n<h3 class=\"wp-block-heading\">K\u00d6Y HAYATINI TERC\u0130H ETT\u0130<\/h3>\n\n\n\n<p class=\"wp-block-paragraph\">M\u00fczi\u011fe ara verdikten sonra Mu\u011fla&#8217;n\u0131n Milas il\u00e7esindeki bir k\u00f6ye yerle\u015fen \u00d6zlem Tekin, uzun y\u0131llar sakin bir ya\u015fam s\u00fcrd\u00fc. Bir d\u00f6nem \u00e7iftlik hayat\u0131 ya\u015fayan sanat\u00e7\u0131n\u0131n daha sonra&nbsp;<a href=\"https:\/\/www.sondakika.com\/bodrum\/\">Bodrum<\/a>&#8216;un&nbsp;<a href=\"https:\/\/www.sondakika.com\/gundogan\/\">G\u00fcndo\u011fan<\/a>&nbsp;Mahallesi&#8217;nde ya\u015fayan annesinin yan\u0131na ta\u015f\u0131nd\u0131\u011f\u0131 iddia edilmi\u015fti.&nbsp;Tekin&#8217;in ayr\u0131ca G\u00fcndo\u011fan K\u00fc\u00e7\u00fckb\u00fck Mahallesi&#8217;nde muhtar azas\u0131 olarak g\u00f6rev yapt\u0131\u011f\u0131 da \u00f6\u011frenilmi\u015fti.<\/p>\n\n\n\n<figure class=\"wp-block-image\"><img decoding=\"async\" src=\"https:\/\/foto.sondakika.com\/haber\/2026\/06\/24\/rock-muzigin-asi-kizi-ozlem-te-91667740-1622_1_m.jpg\" alt=\"Rock m\u00fczi\u011fin asi k\u0131z\u0131 \u00d6zlem Tekin y\u0131llar sonra kameraya yakaland\u0131\"\/><\/figure>\n\n\n\n<h3 class=\"wp-block-heading\">YILLAR SONRA \u0130LK KEZ G\u00d6R\u00dcNT\u00dcLEND\u0130<\/h3>\n\n\n\n<p class=\"wp-block-paragraph\">Umut \u00dcnver&#8217;in haberine g\u00f6re uzun s\u00fcredir kamuoyunun kar\u015f\u0131s\u0131na \u00e7\u0131kmayan \u00d6zlem Tekin, Bodrum G\u00fcndo\u011fan&#8217;da evinin bah\u00e7esinde oturdu\u011fu s\u0131rada g\u00f6r\u00fcnt\u00fclendi.<\/p>\n\n\n\n<p class=\"wp-block-paragraph\">Uzun y\u0131llard\u0131r ekranlardan ve sahnelerden uzak kalan \u00fcnl\u00fc sanat\u00e7\u0131, kameralar\u0131 fark ettikten sonra k\u0131sa s\u00fcreli panik ya\u015fad\u0131. G\u00f6r\u00fcnt\u00fc vermek istemeyen Tekin&#8217;in sorular\u0131 yan\u0131ts\u0131z b\u0131rakarak i\u00e7eri ge\u00e7ti\u011fi aktar\u0131ld\u0131.<\/p>\n\n\n\n<h3 class=\"wp-block-heading\">\u0130\u015fte \u00d6zlem Tekin&#8217;in son hali:<\/h3>\n\n\n\n<figure class=\"wp-block-image\"><img decoding=\"async\" src=\"https:\/\/foto.sondakika.com\/haber\/2026\/06\/24\/rock-muzigin-asi-kizi-ozlem-te-76287934-8691_1_m.jpg\" alt=\"Rock m\u00fczi\u011fin asi k\u0131z\u0131 \u00d6zlem Tekin y\u0131llar sonra kameraya yakaland\u0131\"\/><\/figure>\n\n\n\n<figure class=\"wp-block-image\"><img decoding=\"async\" src=\"https:\/\/foto.sondakika.com\/haber\/2026\/06\/24\/rock-muzigin-asi-kizi-ozlem-te-40218677-7212_1_m.jpg\" alt=\"Rock m\u00fczi\u011fin asi k\u0131z\u0131 \u00d6zlem Tekin y\u0131llar sonra kameraya yakaland\u0131\"\/><\/figure>\n","protected":false},"excerpt":{"rendered":"<p>Rock m\u00fczi\u011fin as\u0131 k\u0131z\u0131 olarak bilinen ve bir d\u00f6nemin pop\u00fcler rock y\u0131ld\u0131zlar\u0131ndan biri olan \u00d6zlem&#8230;<\/p>\n","protected":false},"author":1,"featured_media":60,"comment_status":"open","ping_status":"open","sticky":false,"template":"","format":"standard","meta":{"footnotes":""},"categories":[3],"tags":[],"class_list":["post-59","post","type-post","status-publish","format-standard","has-post-thumbnail","hentry","category-guncel"],"_links":{"self":[{"href":"https:\/\/lifestarmagazin.com.tr\/index.php?rest_route=\/wp\/v2\/posts\/59","targetHints":{"allow":["GET"]}}],"collection":[{"href":"https:\/\/lifestarmagazin.com.tr\/index.php?rest_route=\/wp\/v2\/posts"}],"about":[{"href":"https:\/\/lifestarmagazin.com.tr\/index.php?rest_route=\/wp\/v2\/types\/post"}],"author":[{"embeddable":true,"href":"https:\/\/lifestarmagazin.com.tr\/index.php?rest_route=\/wp\/v2\/users\/1"}],"replies":[{"embeddable":true,"href":"https:\/\/lifestarmagazin.com.tr\/index.php?rest_route=%2Fwp%2Fv2%2Fcomments&post=59"}],"version-history":[{"count":1,"href":"https:\/\/lifestarmagazin.com.tr\/index.php?rest_route=\/wp\/v2\/posts\/59\/revisions"}],"predecessor-version":[{"id":61,"href":"https:\/\/lifestarmagazin.com.tr\/index.php?rest_route=\/wp\/v2\/posts\/59\/revisions\/61"}],"wp:featuredmedia":[{"embeddable":true,"href":"https:\/\/lifestarmagazin.com.tr\/index.php?rest_route=\/wp\/v2\/media\/60"}],"wp:attachment":[{"href":"https:\/\/lifestarmagazin.com.tr\/index.php?rest_route=%2Fwp%2Fv2%2Fmedia&parent=59"}],"wp:term":[{"taxonomy":"category","embeddable":true,"href":"https:\/\/lifestarmagazin.com.tr\/index.php?rest_route=%2Fwp%2Fv2%2Fcategories&post=59"},{"taxonomy":"post_tag","embeddable":true,"href":"https:\/\/lifestarmagazin.com.tr\/index.php?rest_route=%2Fwp%2Fv2%2Ftags&post=59"}],"curies":[{"name":"wp","href":"https:\/\/api.w.org\/{rel}","templated":true}]}}