{"id":56,"date":"2026-06-26T10:50:28","date_gmt":"2026-06-26T10:50:28","guid":{"rendered":"https:\/\/lifestarmagazin.com.tr\/?p=56"},"modified":"2026-06-26T10:50:28","modified_gmt":"2026-06-26T10:50:28","slug":"gezepin-ipi-neden-cekildi-iste-tasacak-bu-denizdeki-ayriligin-perde-arkasi","status":"publish","type":"post","link":"https:\/\/lifestarmagazin.com.tr\/?p=56","title":{"rendered":"Gezep&#8217;in ipi neden \u00e7ekildi? \u0130\u015fte Ta\u015facak Bu Deniz&#8217;deki ayr\u0131l\u0131\u011f\u0131n perde arkas\u0131"},"content":{"rendered":"\n<p class=\"wp-block-paragraph\">TRT 1\u2019in sevilen dizisi Ta\u015facak Bu Deniz&#8217;de canland\u0131rd\u0131\u011f\u0131 &#8220;Gezep&#8221; karakteriyle tan\u0131nan Onur Dilber\u2019in, sitem dolu bir mesajla yeni sezonda kadroda olmayaca\u011f\u0131n\u0131 a\u00e7\u0131klamas\u0131 kulisleri hareketlendirdi. \u00dcnl\u00fc oyuncunun projeden ani ayr\u0131l\u0131\u015f\u0131n\u0131n arkas\u0131nda, senaristlerden kendisine &#8220;daha fazla sahne yaz\u0131lmas\u0131&#8221; y\u00f6n\u00fcnde bask\u0131 yapt\u0131\u011f\u0131 iddialar\u0131 ve k\u0131na gecesi \u00e7ekimlerinde dizinin ba\u015frol\u00fc Ula\u015f Tuna Astepe ile set arkas\u0131nda etti\u011fi kavgan\u0131n yatt\u0131\u011f\u0131 ileri s\u00fcr\u00fcld\u00fc.<\/p>\n\n\n\n<p class=\"wp-block-paragraph\">TRT 1\u2019in reyting rekortmeni dizisi &#8220;Ta\u015facak Bu Deniz&#8221; 31. b\u00f6l\u00fcm\u00fcyle sezon aras\u0131 verirken, kulislerden s\u0131zan ayr\u0131l\u0131k haberi&nbsp;<a href=\"https:\/\/www.sondakika.com\/magazin\/\">magazin<\/a>&nbsp;g\u00fcndemine bomba gibi d\u00fc\u015ft\u00fc. Dizide &#8216;Gezep&#8217; karakterine hayat veren ba\u015far\u0131l\u0131 oyuncu Onur Dilber, yeni sezonda kadroda yer almayaca\u011f\u0131n\u0131 sitem dolu bir mesajla duyurdu. Ancak madalyonun di\u011fer y\u00fcz\u00fc k\u0131sa s\u00fcrede ortaya \u00e7\u0131kt\u0131; iddialara g\u00f6re ayr\u0131l\u0131\u011f\u0131n arkas\u0131nda senaristlerle ya\u015fanan &#8220;sahne&#8221; tart\u0131\u015fmas\u0131 ve ba\u015frol&nbsp;<a href=\"https:\/\/www.sondakika.com\/ulas-tuna-astepe\/\">Ula\u015f Tuna Astepe<\/a>&nbsp;ile set arkas\u0131nda ya\u015fanan kavga var.<\/p>\n\n\n\n<h3 class=\"wp-block-heading\">&#8220;\u015eA\u015eIRARAK VE \u00dcZ\u00dcLEREK \u00d6\u011eREND\u0130M&#8221;<\/h3>\n\n\n\n<p class=\"wp-block-paragraph\">Yeni sezon haz\u0131rl\u0131klar\u0131 ba\u015flam\u0131\u015fken sosyal medya hesab\u0131ndan bir a\u00e7\u0131klama yapan Onur Dilber, projeden \u00e7\u0131kar\u0131ld\u0131\u011f\u0131n\u0131 \u015fu s\u00f6zlerle duyurdu ve sitem etti:&nbsp;&#8220;Ta\u015facak Bu Deniz dizisinde \u00e7ok severek oynad\u0131\u011f\u0131m Gezep\u2019in, yeni sezonda olmayaca\u011f\u0131n\u0131 \u015fa\u015f\u0131rarak ve \u00fcz\u00fclerek \u00f6\u011frendim. Diziye \u00e7ok g\u00fczel ba\u015flayarak seyircinin sevgisini kazanan Gezep\u2019in haftalard\u0131r ya\u015fad\u0131\u011f\u0131 gerileme ve karakterin \u00f6z\u00fcne ayk\u0131r\u0131l\u0131k, seyircinin de malumuydu. Karakterin \u00f6z\u00fcne d\u00f6nece\u011fini umut ederken, ya\u015fad\u0131\u011f\u0131m bu duruma anlam veremedi\u011fimi ve derinden \u00fcz\u00fcld\u00fc\u011f\u00fcm\u00fc bilmenizi isterim. S\u00f6ylenecek \u00e7ok s\u00f6z var asl\u0131nda, zaman\u0131 gelince s\u00f6yleriz in\u015fallah. Gezep\u2019i sevmi\u015f, beni desteklemi\u015f herkese sevgiyle\u2026&#8221;<\/p>\n\n\n\n<figure class=\"wp-block-image\"><img decoding=\"async\" src=\"https:\/\/foto.sondakika.com\/haber\/2026\/06\/24\/gezepin-ipi-neden-cekildi-iste-19983600-3412_1_m.jpg\" alt=\"Gezep'in ipi neden \u00e7ekildi? \u0130\u015fte Ta\u015facak Bu Deniz'deki ayr\u0131l\u0131\u011f\u0131n perde arkas\u0131\"\/><\/figure>\n\n\n\n<h3 class=\"wp-block-heading\">DAHA G\u00d6R\u00dc\u015eMELER B\u0130TMEDEN&#8230;<\/h3>\n\n\n\n<p class=\"wp-block-paragraph\">Onur Dilber\u2019in bu \u00e7\u0131k\u0131\u015f\u0131 sosyal medyada geni\u015f yank\u0131 uyand\u0131r\u0131rken, ayr\u0131l\u0131\u011f\u0131n perde arkas\u0131na dair ilk detaylar \u00fcnl\u00fc gazeteci Birsen Altunta\u015f\u2019tan geldi. Edinilen bilgilere g\u00f6re, yap\u0131m kanad\u0131yla g\u00f6r\u00fc\u015fmeler hen\u00fcz resmi olarak sonu\u00e7lanmam\u0131\u015fken Onur Dilber\u2019in aceleci davranarak bu veda mesaj\u0131n\u0131 payla\u015ft\u0131\u011f\u0131 \u00f6\u011frenildi.<\/p>\n\n\n\n<figure class=\"wp-block-image\"><img decoding=\"async\" src=\"https:\/\/foto.sondakika.com\/haber\/2026\/06\/24\/gezepin-ipi-neden-cekildi-iste-19983600-5347_1_m.jpg\" alt=\"Gezep'in ipi neden \u00e7ekildi? \u0130\u015fte Ta\u015facak Bu Deniz'deki ayr\u0131l\u0131\u011f\u0131n perde arkas\u0131\"\/><\/figure>\n\n\n\n<h3 class=\"wp-block-heading\">S\u00dcRPR\u0130Z AYRILI\u011eIN PERDE ARKASI&nbsp;<\/h3>\n\n\n\n<p class=\"wp-block-paragraph\">Dizi kulislerinden s\u0131zan iddialar ise sette uzun s\u00fcredir bir krizin hakim oldu\u011funu g\u00f6steriyor.&nbsp;<\/p>\n\n\n\n<p class=\"wp-block-paragraph\">Ayr\u0131l\u0131\u011f\u0131n arkas\u0131ndaki temel gerek\u00e7eler \u015fu \u015fekilde s\u0131ralan\u0131yor:<\/p>\n\n\n\n<p class=\"wp-block-paragraph\"><strong>Senaristleri Aram\u0131\u015f<\/strong>: \u0130ddialara g\u00f6re Onur Dilber, dizinin senaristleri Ay\u015fe Ferda Ery\u0131lmaz ve Nehir Erdem\u2019i arayarak kendisine daha fazla sahne yaz\u0131lmas\u0131 konusunda talepte bulundu. Bu durumdan rahats\u0131z olan senaristlerin, daha 18. b\u00f6l\u00fcmde \u00fcnl\u00fc oyuncuyu engelledi\u011fi konu\u015fuluyor.<\/p>\n\n\n\n<p class=\"wp-block-paragraph\"><strong>Ula\u015f Tuna Astepe ile Set Kavgas\u0131:&nbsp;<\/strong>Barda\u011f\u0131 ta\u015f\u0131ran son damlan\u0131n ise bir \u00e7ekim esnas\u0131nda ya\u015fand\u0131\u011f\u0131 ileri s\u00fcr\u00fcld\u00fc. K\u0131na gecesi sahnelerinin \u00e7ekimleri s\u0131ras\u0131nda Onur Dilber ile dizinin ba\u015frol oyuncusu Ula\u015f Tuna Astepe aras\u0131nda set arkas\u0131nda sert bir kavga ya\u015fand\u0131\u011f\u0131, bu gerginli\u011fin de ipleri tamamen kopard\u0131\u011f\u0131 iddia ediliyor.<\/p>\n\n\n\n<p class=\"wp-block-paragraph\">TRT 1\u2019in sevilen projesinde ya\u015fanan bu Gezep krizi ve &#8220;rol kapma&#8221; tart\u0131\u015fmalar\u0131n\u0131n ard\u0131ndan, yap\u0131m \u015firketinin veya ba\u015frol oyuncusu Ula\u015f Tuna Astepe&#8217;nin bir a\u00e7\u0131klama yap\u0131p yapmayaca\u011f\u0131 merakla bekleniyor.<\/p>\n","protected":false},"excerpt":{"rendered":"<p>TRT 1\u2019in sevilen dizisi Ta\u015facak Bu Deniz&#8217;de canland\u0131rd\u0131\u011f\u0131 &#8220;Gezep&#8221; karakteriyle tan\u0131nan Onur Dilber\u2019in, sitem dolu&#8230;<\/p>\n","protected":false},"author":1,"featured_media":57,"comment_status":"open","ping_status":"open","sticky":false,"template":"","format":"standard","meta":{"footnotes":""},"categories":[3],"tags":[],"class_list":["post-56","post","type-post","status-publish","format-standard","has-post-thumbnail","hentry","category-guncel"],"_links":{"self":[{"href":"https:\/\/lifestarmagazin.com.tr\/index.php?rest_route=\/wp\/v2\/posts\/56","targetHints":{"allow":["GET"]}}],"collection":[{"href":"https:\/\/lifestarmagazin.com.tr\/index.php?rest_route=\/wp\/v2\/posts"}],"about":[{"href":"https:\/\/lifestarmagazin.com.tr\/index.php?rest_route=\/wp\/v2\/types\/post"}],"author":[{"embeddable":true,"href":"https:\/\/lifestarmagazin.com.tr\/index.php?rest_route=\/wp\/v2\/users\/1"}],"replies":[{"embeddable":true,"href":"https:\/\/lifestarmagazin.com.tr\/index.php?rest_route=%2Fwp%2Fv2%2Fcomments&post=56"}],"version-history":[{"count":1,"href":"https:\/\/lifestarmagazin.com.tr\/index.php?rest_route=\/wp\/v2\/posts\/56\/revisions"}],"predecessor-version":[{"id":58,"href":"https:\/\/lifestarmagazin.com.tr\/index.php?rest_route=\/wp\/v2\/posts\/56\/revisions\/58"}],"wp:featuredmedia":[{"embeddable":true,"href":"https:\/\/lifestarmagazin.com.tr\/index.php?rest_route=\/wp\/v2\/media\/57"}],"wp:attachment":[{"href":"https:\/\/lifestarmagazin.com.tr\/index.php?rest_route=%2Fwp%2Fv2%2Fmedia&parent=56"}],"wp:term":[{"taxonomy":"category","embeddable":true,"href":"https:\/\/lifestarmagazin.com.tr\/index.php?rest_route=%2Fwp%2Fv2%2Fcategories&post=56"},{"taxonomy":"post_tag","embeddable":true,"href":"https:\/\/lifestarmagazin.com.tr\/index.php?rest_route=%2Fwp%2Fv2%2Ftags&post=56"}],"curies":[{"name":"wp","href":"https:\/\/api.w.org\/{rel}","templated":true}]}}