{"id":50,"date":"2026-06-26T10:48:06","date_gmt":"2026-06-26T10:48:06","guid":{"rendered":"https:\/\/lifestarmagazin.com.tr\/?p=50"},"modified":"2026-06-26T10:48:06","modified_gmt":"2026-06-26T10:48:06","slug":"halil-ergunden-dikkat-ceken-cikis-her-halti-ataturkcuyum-diyenler-yiyor","status":"publish","type":"post","link":"https:\/\/lifestarmagazin.com.tr\/?p=50","title":{"rendered":"Halil Erg\u00fcn&#8217;den dikkat \u00e7eken \u00e7\u0131k\u0131\u015f: Her halt\u0131 Atat\u00fcrk\u00e7\u00fcy\u00fcm diyenler yiyor"},"content":{"rendered":"\n<p class=\"wp-block-paragraph\">Oyuncu Halil Erg\u00fcn, kat\u0131ld\u0131\u011f\u0131 bir YouTube program\u0131nda Cumhuriyet, Mustafa Kemal Atat\u00fcrk ve Atat\u00fcrk\u00e7\u00fcl\u00fck \u00fczerine yapt\u0131\u011f\u0131 de\u011ferlendirmelerle tart\u0131\u015fma yaratt\u0131. Kendisini &#8220;Cumhuriyet\u00e7i&#8221; olarak tan\u0131mlayan Erg\u00fcn, Atat\u00fcrk\u00e7\u00fcl\u00fck kavram\u0131na y\u00f6nelik ele\u015ftirilerde bulunurken, &#8220;T\u00fcrkiye&#8217;de her halt\u0131 Atat\u00fcrk\u00e7\u00fcler yiyor&#8221; s\u00f6zleriyle g\u00fcndem oldu.<\/p>\n\n\n\n<p class=\"wp-block-paragraph\">Usta oyuncu&nbsp;<a href=\"https:\/\/www.sondakika.com\/halil-ergun\/\">Halil Erg\u00fcn<\/a>, kat\u0131ld\u0131\u011f\u0131 &#8220;Nil G\u00fcls\u00fcm ile Maksat Muhabbet&#8221; program\u0131nda Cumhuriyet,&nbsp;<a href=\"https:\/\/www.sondakika.com\/mustafa-kemal-ataturk\/\">Mustafa Kemal Atat\u00fcrk<\/a>&nbsp;ve Atat\u00fcrk\u00e7\u00fcl\u00fck \u00fczerine yapt\u0131\u011f\u0131 a\u00e7\u0131klamalarla g\u00fcndem oldu. Kendisini Cumhuriyet\u00e7i olarak tan\u0131mlayan Erg\u00fcn&#8217;\u00fcn Atat\u00fcrk\u00e7\u00fcl\u00fckle ilgili ifadeleri sosyal medyada geni\u015f yank\u0131 uyand\u0131rd\u0131.<\/p>\n\n\n\n<p class=\"wp-block-paragraph\">Programda Cumhuriyet&#8217;in kurulu\u015f s\u00fcrecine vurgu yapan Erg\u00fcn, &#8220;Cumhuriyet\u00e7iyim. Ben Mustafa Kemal ve arkada\u015flar\u0131 diyenlerdenim. Cumhuriyeti kuran kadrolar\u0131 \u00f6nemsiyorum&#8221; ifadelerini kulland\u0131.<\/p>\n\n\n\n<h3 class=\"wp-block-heading\">ATAT\u00dcRK\u00c7\u00dcL\u00dcK YORUMU D\u0130KKAT \u00c7EKT\u0130<\/h3>\n\n\n\n<p class=\"wp-block-paragraph\">Sunucunun, neden \u00f6zellikle &#8220;Atat\u00fcrk&#8221; ifadesini kullanmay\u0131 tercih etmedi\u011fine ili\u015fkin sorusunu yan\u0131tlayan Erg\u00fcn, Atat\u00fcrk\u00e7\u00fcl\u00fck kavram\u0131n\u0131n zaman zaman farkl\u0131 ama\u00e7larla kullan\u0131ld\u0131\u011f\u0131n\u0131 savundu.<\/p>\n\n\n\n<p class=\"wp-block-paragraph\">Erg\u00fcn, &#8220;Mustafa Kemal ve arkada\u015flar\u0131 demeyi tercih ediyorum. Atat\u00fcrk\u00e7\u00fcl\u00fck kavram\u0131n\u0131n arkas\u0131na s\u0131\u011f\u0131nan \u00e7ok farkl\u0131 kesimler oldu&#8221; de\u011ferlendirmesinde bulundu.<\/p>\n\n\n\n<p class=\"wp-block-paragraph\">Cumhuriyet&#8217;in kurulu\u015f s\u00fcrecinin do\u011fru anla\u015f\u0131lmas\u0131 gerekti\u011fini s\u00f6yleyen Erg\u00fcn, Mustafa Kemal Atat\u00fcrk&#8217;\u00fcn ortaya \u00e7\u0131kt\u0131\u011f\u0131 tarihsel ko\u015fullara dikkat \u00e7ekerek, &#8220;Hepimiz, biz imparatorluk \u00e7ocuklar\u0131y\u0131z. Yani kolay, g\u00f6kten zembille inmedi Mustafa Kemal&#8221; dedi.<\/p>\n\n\n\n<h3 class=\"wp-block-heading\">&#8220;HER HALTI ATAT\u00dcRK\u00c7\u00dcLER Y\u0130YOR&#8221;<\/h3>\n\n\n\n<p class=\"wp-block-paragraph\">Program\u0131n en \u00e7ok konu\u015fulan b\u00f6l\u00fcm\u00fc ise Erg\u00fcn&#8217;\u00fcn Atat\u00fcrk\u00e7\u00fcl\u00fck \u00fczerinden yapt\u0131\u011f\u0131 ele\u015ftiriler oldu. Sunucunun sorusunu yan\u0131tlarken, &#8220;Herkes Atat\u00fcrk, her halta Atat\u00fcrk\u00e7\u00fcl\u00fck yapanlar oluyor biliyorsunuz de\u011fil mi?&#8221; ifadelerini kullanan Erg\u00fcn, konu\u015fmas\u0131n\u0131n devam\u0131nda, &#8221;&nbsp;<a href=\"https:\/\/www.sondakika.com\/turkiye\/\">T\u00fcrkiye<\/a>&#8216;de her halt\u0131 Atat\u00fcrk\u00e7\u00fcler yiyor&#8221; dedi.<\/p>\n\n\n\n<p class=\"wp-block-paragraph\">K\u0131sa s\u00fcrede sosyal medyada yay\u0131lan a\u00e7\u0131klamalar farkl\u0131 tepkilere neden olurken, baz\u0131 kullan\u0131c\u0131lar Erg\u00fcn&#8217;\u00fcn s\u00f6zlerine destek verdi, baz\u0131lar\u0131 ise a\u00e7\u0131klamalar\u0131 ele\u015ftirdi. Oyuncunun ifadeleri g\u00fcn\u00fcn en \u00e7ok konu\u015fulan ba\u015fl\u0131klar\u0131 aras\u0131nda yer ald\u0131.<\/p>\n\n\n\n<p class=\"wp-block-paragraph\"><a href=\"https:\/\/www.sondakika.com\/mustafa-kemal-ataturk\/\"><strong>Mustafa Kemal Atat\u00fcrk<\/strong><\/a>,&nbsp;<a href=\"https:\/\/www.sondakika.com\/halil-ergun\/\"><strong>Halil Erg\u00fcn<\/strong><\/a>,&nbsp;<a href=\"https:\/\/www.sondakika.com\/turkiye\/\"><strong>T\u00fcrkiye<\/strong><\/a>,&nbsp;<a href=\"https:\/\/www.sondakika.com\/youtube\/\"><strong>YouTube<\/strong><\/a>,&nbsp;<a href=\"https:\/\/www.sondakika.com\/magazin\/\"><strong>Magazin<\/strong><\/a>,&nbsp;<a href=\"https:\/\/www.sondakika.com\/yasam\/\"><strong>Ya\u015fam<\/strong><\/a>,&nbsp;<a href=\"https:\/\/www.sondakika.com\/\"><strong>Son Dakika<\/strong><\/a><\/p>\n\n\n\n<p class=\"wp-block-paragraph\"><a href=\"https:\/\/www.sondakika.com\/\">Son Dakika<\/a>&nbsp;\u203a&nbsp;<a href=\"https:\/\/www.sondakika.com\/halil-ergun\/\">Halil Erg\u00fcn<\/a>&nbsp;\u203a&nbsp;Halil Erg\u00fcn&#8217;den dikkat \u00e7eken \u00e7\u0131k\u0131\u015f: Her halt\u0131 Atat\u00fcrk\u00e7\u00fcy\u00fcm diyenler yiyor&nbsp;<\/p>\n\n\n\n<p class=\"wp-block-paragraph\"><\/p>\n","protected":false},"excerpt":{"rendered":"<p>Oyuncu Halil Erg\u00fcn, kat\u0131ld\u0131\u011f\u0131 bir YouTube program\u0131nda Cumhuriyet, Mustafa Kemal Atat\u00fcrk ve Atat\u00fcrk\u00e7\u00fcl\u00fck \u00fczerine yapt\u0131\u011f\u0131&#8230;<\/p>\n","protected":false},"author":1,"featured_media":51,"comment_status":"open","ping_status":"open","sticky":false,"template":"","format":"standard","meta":{"footnotes":""},"categories":[3],"tags":[],"class_list":["post-50","post","type-post","status-publish","format-standard","has-post-thumbnail","hentry","category-guncel"],"_links":{"self":[{"href":"https:\/\/lifestarmagazin.com.tr\/index.php?rest_route=\/wp\/v2\/posts\/50","targetHints":{"allow":["GET"]}}],"collection":[{"href":"https:\/\/lifestarmagazin.com.tr\/index.php?rest_route=\/wp\/v2\/posts"}],"about":[{"href":"https:\/\/lifestarmagazin.com.tr\/index.php?rest_route=\/wp\/v2\/types\/post"}],"author":[{"embeddable":true,"href":"https:\/\/lifestarmagazin.com.tr\/index.php?rest_route=\/wp\/v2\/users\/1"}],"replies":[{"embeddable":true,"href":"https:\/\/lifestarmagazin.com.tr\/index.php?rest_route=%2Fwp%2Fv2%2Fcomments&post=50"}],"version-history":[{"count":1,"href":"https:\/\/lifestarmagazin.com.tr\/index.php?rest_route=\/wp\/v2\/posts\/50\/revisions"}],"predecessor-version":[{"id":52,"href":"https:\/\/lifestarmagazin.com.tr\/index.php?rest_route=\/wp\/v2\/posts\/50\/revisions\/52"}],"wp:featuredmedia":[{"embeddable":true,"href":"https:\/\/lifestarmagazin.com.tr\/index.php?rest_route=\/wp\/v2\/media\/51"}],"wp:attachment":[{"href":"https:\/\/lifestarmagazin.com.tr\/index.php?rest_route=%2Fwp%2Fv2%2Fmedia&parent=50"}],"wp:term":[{"taxonomy":"category","embeddable":true,"href":"https:\/\/lifestarmagazin.com.tr\/index.php?rest_route=%2Fwp%2Fv2%2Fcategories&post=50"},{"taxonomy":"post_tag","embeddable":true,"href":"https:\/\/lifestarmagazin.com.tr\/index.php?rest_route=%2Fwp%2Fv2%2Ftags&post=50"}],"curies":[{"name":"wp","href":"https:\/\/api.w.org\/{rel}","templated":true}]}}