{"id":47,"date":"2026-06-26T10:46:43","date_gmt":"2026-06-26T10:46:43","guid":{"rendered":"https:\/\/lifestarmagazin.com.tr\/?p=47"},"modified":"2026-06-26T10:46:43","modified_gmt":"2026-06-26T10:46:43","slug":"entube-edilen-kadir-inanirdan-yeni-haber","status":"publish","type":"post","link":"https:\/\/lifestarmagazin.com.tr\/?p=47","title":{"rendered":"Ent\u00fcbe edilen Kadir \u0130nan\u0131r&#8217;dan yeni haber"},"content":{"rendered":"\n<p class=\"wp-block-paragraph\">2024 y\u0131l\u0131nda ge\u00e7irdi\u011fi inme nedeniyle hastaneye kald\u0131r\u0131lan ve may\u0131s ay\u0131nda ent\u00fcbe edilen 77 ya\u015f\u0131ndaki usta oyuncu Kadir \u0130nan\u0131r&#8217;\u0131n sa\u011fl\u0131k durumu ciddiyetini koruyor. Yak\u0131n \u00e7evresinden al\u0131nan son bilgilere g\u00f6re, durumu stabil seyreden \u0130nan\u0131r tedaviye hen\u00fcz olumlu bir yan\u0131t vermedi.<\/p>\n\n\n\n<p class=\"wp-block-paragraph\">T\u00fcrk sinemas\u0131n\u0131n efsane isimlerinden, say\u0131s\u0131z unutulmaz karaktere hayat veren 77 ya\u015f\u0131ndaki usta oyuncu&nbsp;<a href=\"https:\/\/www.sondakika.com\/kadir-inanir\/\">Kadir \u0130nan\u0131r<\/a>&#8216;\u0131n sa\u011fl\u0131k durumu, sevenleri ve sanat camias\u0131 taraf\u0131ndan endi\u015feyle takip ediliyor. 2024 y\u0131l\u0131nda ge\u00e7irdi\u011fi rahats\u0131zl\u0131\u011f\u0131n ard\u0131ndan zorlu bir tedavi s\u00fcrecine giren \u0130nan\u0131r&#8217;dan gelen son haberler maalesef beklenen iyile\u015fme i\u015faretlerini ta\u015f\u0131m\u0131yor.<\/p>\n\n\n\n<h3 class=\"wp-block-heading\">MAYIS AYINDA YO\u011eUN BAKIMA ALINMI\u015eTI<\/h3>\n\n\n\n<p class=\"wp-block-paragraph\">Ge\u00e7irdi\u011fi inme sebebiyle hastaneye kald\u0131r\u0131ld\u0131ktan sonra uzun bir s\u00fcre tedavi g\u00f6ren ve bu s\u00fcreci g\u00f6zlerden uzak, sakin bir \u015fekilde ge\u00e7irmeye \u00e7al\u0131\u015fan usta oyuncunun durumu ge\u00e7ti\u011fimiz aylarda a\u011f\u0131rla\u015fm\u0131\u015ft\u0131. Doktorlar\u0131n m\u00fcdahalesiyle 14 May\u0131s&#8217;ta yo\u011fun bak\u0131m \u00fcnitesine al\u0131nan Kadir \u0130nan\u0131r, solunum s\u0131k\u0131nt\u0131s\u0131 ve tablosunun a\u011f\u0131rla\u015fmas\u0131 \u00fczerine 22 May\u0131s tarihinde ent\u00fcbe edilmi\u015fti.<\/p>\n\n\n\n<figure class=\"wp-block-image\"><img decoding=\"async\" src=\"https:\/\/foto.sondakika.com\/haber\/2026\/06\/25\/entube-edilen-kadir-inanirdan-83730778-5781_1_m.jpg\" alt=\"Ent\u00fcbe edilen Kadir \u0130nan\u0131r'dan yeni haber\"\/><\/figure>\n\n\n\n<h3 class=\"wp-block-heading\">SEVENLER\u0130N\u0130 END\u0130\u015eELEND\u0130REN SON DURUM: OLUMLU B\u0130R GEL\u0130\u015eME YOK<\/h3>\n\n\n\n<p class=\"wp-block-paragraph\">T\u00fcrkiye&#8217;nin d\u00f6rt bir yan\u0131ndaki sevenleri ve sanat d\u00fcnyas\u0131, Ye\u015fil\u00e7am&#8217;\u0131n efsane isminden gelecek iyi bir haberi umutla beklerken, son geli\u015fmeler endi\u015feleri art\u0131rd\u0131. H\u00fcrriyet&#8217;te yer alan habere ve usta oyuncunun yak\u0131n kaynaklar\u0131ndan edinilen bilgilere g\u00f6re, Kadir \u0130nan\u0131r&#8217;\u0131n sa\u011fl\u0131k durumunda \u015fu an i\u00e7in sevindirici bir ilerleme kaydedilemedi.<\/p>\n\n\n\n<p class=\"wp-block-paragraph\">Mevcut durumda hayati bulgular\u0131n\u0131n stabil oldu\u011fu belirtilen 77 ya\u015f\u0131ndaki usta sanat\u00e7\u0131n\u0131n, uygulanan yo\u011fun tedavi protokollerine \u015fimdiye kadar olumlu bir yan\u0131t vermedi\u011fi a\u00e7\u0131kland\u0131.<\/p>\n\n\n\n<p class=\"wp-block-paragraph\"><a href=\"https:\/\/www.sondakika.com\/kadir-inanir\/\"><strong>Kadir \u0130nan\u0131r<\/strong><\/a>,&nbsp;<a href=\"https:\/\/www.sondakika.com\/magazin\/\"><strong>Magazin<\/strong><\/a><\/p>\n","protected":false},"excerpt":{"rendered":"<p>2024 y\u0131l\u0131nda ge\u00e7irdi\u011fi inme nedeniyle hastaneye kald\u0131r\u0131lan ve may\u0131s ay\u0131nda ent\u00fcbe edilen 77 ya\u015f\u0131ndaki usta&#8230;<\/p>\n","protected":false},"author":1,"featured_media":48,"comment_status":"open","ping_status":"open","sticky":false,"template":"","format":"standard","meta":{"footnotes":""},"categories":[3],"tags":[],"class_list":["post-47","post","type-post","status-publish","format-standard","has-post-thumbnail","hentry","category-guncel"],"_links":{"self":[{"href":"https:\/\/lifestarmagazin.com.tr\/index.php?rest_route=\/wp\/v2\/posts\/47","targetHints":{"allow":["GET"]}}],"collection":[{"href":"https:\/\/lifestarmagazin.com.tr\/index.php?rest_route=\/wp\/v2\/posts"}],"about":[{"href":"https:\/\/lifestarmagazin.com.tr\/index.php?rest_route=\/wp\/v2\/types\/post"}],"author":[{"embeddable":true,"href":"https:\/\/lifestarmagazin.com.tr\/index.php?rest_route=\/wp\/v2\/users\/1"}],"replies":[{"embeddable":true,"href":"https:\/\/lifestarmagazin.com.tr\/index.php?rest_route=%2Fwp%2Fv2%2Fcomments&post=47"}],"version-history":[{"count":1,"href":"https:\/\/lifestarmagazin.com.tr\/index.php?rest_route=\/wp\/v2\/posts\/47\/revisions"}],"predecessor-version":[{"id":49,"href":"https:\/\/lifestarmagazin.com.tr\/index.php?rest_route=\/wp\/v2\/posts\/47\/revisions\/49"}],"wp:featuredmedia":[{"embeddable":true,"href":"https:\/\/lifestarmagazin.com.tr\/index.php?rest_route=\/wp\/v2\/media\/48"}],"wp:attachment":[{"href":"https:\/\/lifestarmagazin.com.tr\/index.php?rest_route=%2Fwp%2Fv2%2Fmedia&parent=47"}],"wp:term":[{"taxonomy":"category","embeddable":true,"href":"https:\/\/lifestarmagazin.com.tr\/index.php?rest_route=%2Fwp%2Fv2%2Fcategories&post=47"},{"taxonomy":"post_tag","embeddable":true,"href":"https:\/\/lifestarmagazin.com.tr\/index.php?rest_route=%2Fwp%2Fv2%2Ftags&post=47"}],"curies":[{"name":"wp","href":"https:\/\/api.w.org\/{rel}","templated":true}]}}