{"id":44,"date":"2026-06-26T10:44:25","date_gmt":"2026-06-26T10:44:25","guid":{"rendered":"https:\/\/lifestarmagazin.com.tr\/?p=44"},"modified":"2026-06-26T10:44:25","modified_gmt":"2026-06-26T10:44:25","slug":"tolga-akis-manifest-icin-kesenin-agzini-acmis-henuz-karli-bir-proje-degil","status":"publish","type":"post","link":"https:\/\/lifestarmagazin.com.tr\/?p=44","title":{"rendered":"Tolga Ak\u0131\u015f Manifest i\u00e7in kesenin a\u011fz\u0131n\u0131 a\u00e7m\u0131\u015f: Hen\u00fcz karl\u0131 bir proje de\u011fil"},"content":{"rendered":"\n<p class=\"wp-block-paragraph\">Manifest grubunun yap\u0131mc\u0131s\u0131 Tolga Ak\u0131\u015f, grubun hen\u00fcz karl\u0131 bir proje olmad\u0131\u011f\u0131n\u0131 belirterek tek bir klip setinin maliyetinin bile iki haneli milyon liralara ula\u015ft\u0131\u011f\u0131n\u0131 a\u00e7\u0131klad\u0131. Ak\u0131\u015f, projeye b\u00fcy\u00fck yat\u0131r\u0131m yap\u0131ld\u0131\u011f\u0131n\u0131 ve Manifest i\u00e7in g\u00fcvenlikten psikolo\u011fa kadar 143 ki\u015filik bir ekibin \u00e7al\u0131\u015ft\u0131\u011f\u0131n\u0131 s\u00f6yledi.<\/p>\n\n\n\n<p class=\"wp-block-paragraph\">Sueda Uluca, Hilal Yelek\u00e7i, Lidya P\u0131nar, Zeynep Sude Oktay, Mina Solak ve Esin Bahat&#8217;tan olu\u015fan&nbsp;<a href=\"https:\/\/www.sondakika.com\/manifest\/\">Manifest<\/a>&nbsp;grubu, son d\u00f6nemin en \u00e7ok konu\u015fulan m\u00fczik projeleri aras\u0131nda yer al\u0131yor. Ajda Pekkan ile ger\u00e7ekle\u015ftirdikleri d\u00fcetle adlar\u0131ndan daha da fazla s\u00f6z ettiren grup, b\u00fcy\u00fcyen hayran kitlesi ve iddial\u0131 projeleriyle dikkat \u00e7ekerken, yap\u0131mc\u0131lar\u0131&nbsp;<a href=\"https:\/\/www.sondakika.com\/tolga-akis\/\">Tolga Ak\u0131\u015f<\/a>&#8216;tan grubun perde arkas\u0131ndaki maliyetlere ili\u015fkin \u00e7arp\u0131c\u0131 a\u00e7\u0131klamalar geldi.&nbsp;<\/p>\n\n\n\n<figure class=\"wp-block-image\"><img decoding=\"async\" src=\"https:\/\/foto.sondakika.com\/haber\/2026\/06\/25\/tolga-akis-manisfest-icin-kese-18155737-1377_1_m.jpg\" alt=\"Tolga Ak\u0131\u015f Manifest i\u00e7in kesenin a\u011fz\u0131n\u0131 a\u00e7m\u0131\u015f: Hen\u00fcz karl\u0131 bir proje de\u011fil\"\/><\/figure>\n\n\n\n<p class=\"wp-block-paragraph\">Ak\u0131\u015f, kat\u0131ld\u0131\u011f\u0131 YouTube program\u0131nda grubun finansal s\u00fcrecine ili\u015fkin dikkat \u00e7eken a\u00e7\u0131klamalarda bulundu.&nbsp;Manifest&#8217;in hen\u00fcz karl\u0131 bir noktaya ula\u015fmad\u0131\u011f\u0131n\u0131 s\u00f6yleyen Ak\u0131\u015f, projenin halen yo\u011fun yat\u0131r\u0131m ve emek a\u015famas\u0131nda oldu\u011funu ifade etti.<\/p>\n\n\n\n<figure class=\"wp-block-image\"><img decoding=\"async\" src=\"https:\/\/foto.sondakika.com\/haber\/2026\/06\/25\/tolga-akis-manisfest-icin-kese-74063781-8470_1_m.jpg\" alt=\"Tolga Ak\u0131\u015f Manifest i\u00e7in kesenin a\u011fz\u0131n\u0131 a\u00e7m\u0131\u015f: Hen\u00fcz karl\u0131 bir proje de\u011fil\"\/><\/figure>\n\n\n\n<h3 class=\"wp-block-heading\">&#8220;TEK B\u0130R KL\u0130P SET\u0130 B\u0130LE \u0130K\u0130 HANEL\u0130 M\u0130LYONLARA ULA\u015eIYOR&#8221;<\/h3>\n\n\n\n<p class=\"wp-block-paragraph\">Manifest i\u00e7in yap\u0131lan prod\u00fcksiyon harcamalar\u0131n\u0131n \u00e7ok y\u00fcksek oldu\u011funu vurgulayan Ak\u0131\u015f, \u015fu ifadeleri kulland\u0131:<\/p>\n\n\n\n<p class=\"wp-block-paragraph\">&#8220;Manifest \u015fu an karl\u0131 bir proje de\u011fil. \u015eu an bizim kapasitemizde kurulan bir klip setinin rakamlar\u0131 iki haneli milyonlar\u0131 buluyor. K\u0131z grubu projelerimizde \u00e7ekti\u011fimiz ilk klipler bile bizim hayat\u0131m\u0131z boyunca imza att\u0131\u011f\u0131m\u0131z en pahal\u0131 prod\u00fcksiyonlard\u0131. Sonras\u0131nda ise her yeni klipte, \u00f6rne\u011fin ikinci ve \u00fc\u00e7\u00fcnc\u00fc kliplerde maliyet olarak hep bir \u00f6ncekinin \u00fczerine \u00e7\u0131kt\u0131k. Hem konserlerde hem de kliplerde kendi prod\u00fcksiyon rekorumuzu k\u0131rarak ilerliyoruz.&#8221;<\/p>\n\n\n\n<figure class=\"wp-block-image\"><img decoding=\"async\" src=\"https:\/\/foto.sondakika.com\/haber\/2026\/06\/25\/tolga-akis-manisfest-icin-kese-48907648-3203_1_m.jpg\" alt=\"Tolga Ak\u0131\u015f Manifest i\u00e7in kesenin a\u011fz\u0131n\u0131 a\u00e7m\u0131\u015f: Hen\u00fcz karl\u0131 bir proje de\u011fil\"\/><\/figure>\n\n\n\n<h3 class=\"wp-block-heading\">&#8220;143 K\u0130\u015e\u0130 SADECE MAN\u0130FEST \u0130\u00c7\u0130N \u00c7ALI\u015eIYOR&#8221;<\/h3>\n\n\n\n<p class=\"wp-block-paragraph\">Ak\u0131\u015f, Manifest projesinin arkas\u0131nda b\u00fcy\u00fck bir ekip bulundu\u011funu belirterek, g\u00fcvenlik ekibinden psikologlara kadar toplam 143 ki\u015finin sadece Manifest i\u00e7in g\u00f6rev yapt\u0131\u011f\u0131n\u0131 s\u00f6yledi.<\/p>\n\n\n\n<p class=\"wp-block-paragraph\">Ayr\u0131ca k\u0131z gruplar\u0131nda ba\u015far\u0131n\u0131n en \u00f6nemli unsurunun \u015firket y\u00f6netimi ve yap\u0131lan yat\u0131r\u0131m oldu\u011funu vurgulayan Ak\u0131\u015f, projenin gelecekte y\u00fcksek karl\u0131l\u0131\u011fa ula\u015faca\u011f\u0131na inand\u0131klar\u0131n\u0131 ifade etti.<\/p>\n\n\n\n<p class=\"wp-block-paragraph\"><a href=\"https:\/\/www.sondakika.com\/tolga-akis\/\"><strong>Tolga Ak\u0131\u015f<\/strong><\/a>,&nbsp;<a href=\"https:\/\/www.sondakika.com\/manifest\/\"><strong>Manifest<\/strong><\/a>,&nbsp;<a href=\"https:\/\/www.sondakika.com\/unluler\/\"><strong>\u00dcnl\u00fcler<\/strong><\/a>,&nbsp;<a href=\"https:\/\/www.sondakika.com\/magazin\/\"><strong>Magazin<\/strong><\/a>,&nbsp;<a href=\"https:\/\/www.sondakika.com\/guncel\/\"><strong>G\u00fcncel<\/strong><\/a>,<\/p>\n","protected":false},"excerpt":{"rendered":"<p>Manifest grubunun yap\u0131mc\u0131s\u0131 Tolga Ak\u0131\u015f, grubun hen\u00fcz karl\u0131 bir proje olmad\u0131\u011f\u0131n\u0131 belirterek tek bir klip&#8230;<\/p>\n","protected":false},"author":1,"featured_media":45,"comment_status":"open","ping_status":"open","sticky":false,"template":"","format":"standard","meta":{"footnotes":""},"categories":[3],"tags":[],"class_list":["post-44","post","type-post","status-publish","format-standard","has-post-thumbnail","hentry","category-guncel"],"_links":{"self":[{"href":"https:\/\/lifestarmagazin.com.tr\/index.php?rest_route=\/wp\/v2\/posts\/44","targetHints":{"allow":["GET"]}}],"collection":[{"href":"https:\/\/lifestarmagazin.com.tr\/index.php?rest_route=\/wp\/v2\/posts"}],"about":[{"href":"https:\/\/lifestarmagazin.com.tr\/index.php?rest_route=\/wp\/v2\/types\/post"}],"author":[{"embeddable":true,"href":"https:\/\/lifestarmagazin.com.tr\/index.php?rest_route=\/wp\/v2\/users\/1"}],"replies":[{"embeddable":true,"href":"https:\/\/lifestarmagazin.com.tr\/index.php?rest_route=%2Fwp%2Fv2%2Fcomments&post=44"}],"version-history":[{"count":1,"href":"https:\/\/lifestarmagazin.com.tr\/index.php?rest_route=\/wp\/v2\/posts\/44\/revisions"}],"predecessor-version":[{"id":46,"href":"https:\/\/lifestarmagazin.com.tr\/index.php?rest_route=\/wp\/v2\/posts\/44\/revisions\/46"}],"wp:featuredmedia":[{"embeddable":true,"href":"https:\/\/lifestarmagazin.com.tr\/index.php?rest_route=\/wp\/v2\/media\/45"}],"wp:attachment":[{"href":"https:\/\/lifestarmagazin.com.tr\/index.php?rest_route=%2Fwp%2Fv2%2Fmedia&parent=44"}],"wp:term":[{"taxonomy":"category","embeddable":true,"href":"https:\/\/lifestarmagazin.com.tr\/index.php?rest_route=%2Fwp%2Fv2%2Fcategories&post=44"},{"taxonomy":"post_tag","embeddable":true,"href":"https:\/\/lifestarmagazin.com.tr\/index.php?rest_route=%2Fwp%2Fv2%2Ftags&post=44"}],"curies":[{"name":"wp","href":"https:\/\/api.w.org\/{rel}","templated":true}]}}