{"id":41,"date":"2026-06-26T10:43:06","date_gmt":"2026-06-26T10:43:06","guid":{"rendered":"https:\/\/lifestarmagazin.com.tr\/?p=41"},"modified":"2026-06-26T10:43:06","modified_gmt":"2026-06-26T10:43:06","slug":"unlu-modacinin-cenazesinde-kadinlar-da-saf-tutmak-isteyince-ortalik-karisti","status":"publish","type":"post","link":"https:\/\/lifestarmagazin.com.tr\/?p=41","title":{"rendered":"\u00dcnl\u00fc modac\u0131n\u0131n cenazesinde kad\u0131nlar da saf tutmak isteyince ortal\u0131k kar\u0131\u015ft\u0131"},"content":{"rendered":"\n<p class=\"wp-block-paragraph\">100 ya\u015f\u0131nda vefat eden d\u00fcnyaca \u00fcnl\u00fc modac\u0131 Z\u00fchal Yorganc\u0131o\u011flu\u2019nun \u0130zmir Alsancak Hocazade Camii\u2019ndeki cenaze t\u00f6reninde &#8220;saf tutma&#8221; gerginli\u011fi ya\u015fand\u0131. Cenaze namaz\u0131nda \u00f6n s\u0131rada saf tutmak isteyen k\u0131z\u0131 M\u00fcberra Yorganc\u0131o\u011flu ve kad\u0131n yak\u0131nlar\u0131na cami imam\u0131 Salih Bayram izin vermeyince ortam gerildi. Modac\u0131n\u0131n o\u011flu Faruk Yorganc\u0131o\u011flu ise &#8220;Kad\u0131nlar da safta k\u0131labilir&#8221; diyerek imama itiraz etti.<\/p>\n\n\n\n<p class=\"wp-block-paragraph\">Hayat\u0131n\u0131 kaybeden 100 ya\u015f\u0131ndaki d\u00fcnyaca \u00fcnl\u00fc modac\u0131 Z\u00fchal Yorganc\u0131o\u011flu\u2019nun&nbsp;<a href=\"https:\/\/www.sondakika.com\/izmir\/\">\u0130zmir<\/a>&#8216;deki cenaze t\u00f6reninde &#8220;saf tutma&#8221; krizi ya\u015fand\u0131. Cenaze namaz\u0131nda erkeklerle birlikte saf tutmak isteyen k\u0131z\u0131 M\u00fcberra Yorganc\u0131o\u011flu ve kad\u0131n yak\u0131nlar\u0131na cami imam\u0131 izin vermeyince, t\u00f6rende k\u0131sa s\u00fcreli gerginlik ya\u015fand\u0131.&nbsp;<\/p>\n\n\n\n<p class=\"wp-block-paragraph\">\u0130zmir&#8217;in sembol isimlerinden \u00fcnl\u00fc modac\u0131 Z\u00fchal Yorganc\u0131o\u011flu\u2019nun vefat\u0131n\u0131n ard\u0131ndan&nbsp;<a href=\"https:\/\/www.sondakika.com\/alsancak-2\/\">Alsancak<\/a>&nbsp;Hocazade Camii\u2019nde cenaze t\u00f6reni d\u00fczenlendi. Annesini son yolculu\u011funa u\u011furlayan k\u0131z\u0131 M\u00fcberra Yorganc\u0131o\u011flu ve baz\u0131 kad\u0131n yak\u0131nlar\u0131, cenaze namaz\u0131 k\u0131l\u0131naca\u011f\u0131 s\u0131rada \u00f6n s\u0131ralarda saf tutmak istedi.&nbsp;Ancak cami hocas\u0131 Salih Bayram, kad\u0131nlar\u0131n erkeklerle ayn\u0131 safta namaz k\u0131lmas\u0131na kar\u015f\u0131 \u00e7\u0131karak duruma m\u00fcdahale etti ve izin vermedi. \u0130mam\u0131n bu tavr\u0131 \u00fczerine cemaat aras\u0131nda ve t\u00f6ren alan\u0131nda bir anda sesler y\u00fckseldi, ortam gerildi.<\/p>\n\n\n\n<h3 class=\"wp-block-heading\">O\u011eLU \u0130SYAN ETT\u0130: HEP B\u0130RL\u0130KTE KILINAB\u0130L\u0130R!<\/h3>\n\n\n\n<p class=\"wp-block-paragraph\">Hocan\u0131n uyar\u0131s\u0131 \u00fczerine kad\u0131nlar istemeyerek de olsa saftan geriye do\u011fru \u00e7ekilmek zorunda kald\u0131. Ancak annesini u\u011furlayan Faruk Yorganc\u0131o\u011flu, ya\u015fanan bu duruma ve k\u0131z karde\u015finin saftan \u00e7\u0131kar\u0131lmas\u0131na tepki g\u00f6sterdi.&nbsp;Annesinin cenaze namaz\u0131nda kad\u0131nlar\u0131n da safta yer alabilece\u011fini savunan ve \u0131srar eden Faruk Yorganc\u0131o\u011flu, &#8220;Kad\u0131nlar da safta k\u0131labilir, hep birlikte k\u0131l\u0131nmas\u0131nda bir sak\u0131nca yok&#8221; diyerek imam\u0131n karar\u0131na kar\u015f\u0131 \u00e7\u0131kt\u0131.<\/p>\n\n\n\n<h3 class=\"wp-block-heading\">GERG\u0130NL\u0130\u011eE RA\u011eMEN NAMAZ DEVAM ETT\u0130<\/h3>\n\n\n\n<p class=\"wp-block-paragraph\">Aile \u00fcyelerinin hakl\u0131 tepkisine ve ya\u015fanan k\u0131sa s\u00fcreli arbede ile s\u00f6zl\u00fc tart\u0131\u015fmaya ra\u011fmen cami hocas\u0131 Salih Bayram geri ad\u0131m atmad\u0131. Gergin atmosferin g\u00f6lgesinde kalan cenaze namaz\u0131, imam\u0131n kald\u0131\u011f\u0131 yerden devam ettirmesiyle tamamland\u0131. Modac\u0131n\u0131n cenazesi topra\u011fa verilirken, t\u00f6rende ya\u015fanan bu &#8220;kad\u0131n cemaat&#8221; tart\u0131\u015fmas\u0131 sosyal medyada ve kamuoyunda yeni bir tart\u0131\u015fman\u0131n fitilini ate\u015fledi.<\/p>\n\n\n\n<p class=\"wp-block-paragraph\"><a href=\"https:\/\/www.sondakika.com\/alsancak\/\"><strong>Alsancak<\/strong><\/a>,&nbsp;<a href=\"https:\/\/www.sondakika.com\/magazin\/\"><strong>Magazin<\/strong><\/a>,&nbsp;<a href=\"https:\/\/www.sondakika.com\/guncel\/\"><strong>G\u00fcncel<\/strong><\/a>,&nbsp;<a href=\"https:\/\/www.sondakika.com\/izmir\/\"><strong>\u0130zmir<\/strong><\/a>,&nbsp;<a href=\"https:\/\/www.sondakika.com\/cami\/\"><strong>Cami<\/strong><\/a>,&nbsp;<\/p>\n","protected":false},"excerpt":{"rendered":"<p>100 ya\u015f\u0131nda vefat eden d\u00fcnyaca \u00fcnl\u00fc modac\u0131 Z\u00fchal Yorganc\u0131o\u011flu\u2019nun \u0130zmir Alsancak Hocazade Camii\u2019ndeki cenaze t\u00f6reninde&#8230;<\/p>\n","protected":false},"author":1,"featured_media":42,"comment_status":"open","ping_status":"open","sticky":false,"template":"","format":"standard","meta":{"footnotes":""},"categories":[3],"tags":[],"class_list":["post-41","post","type-post","status-publish","format-standard","has-post-thumbnail","hentry","category-guncel"],"_links":{"self":[{"href":"https:\/\/lifestarmagazin.com.tr\/index.php?rest_route=\/wp\/v2\/posts\/41","targetHints":{"allow":["GET"]}}],"collection":[{"href":"https:\/\/lifestarmagazin.com.tr\/index.php?rest_route=\/wp\/v2\/posts"}],"about":[{"href":"https:\/\/lifestarmagazin.com.tr\/index.php?rest_route=\/wp\/v2\/types\/post"}],"author":[{"embeddable":true,"href":"https:\/\/lifestarmagazin.com.tr\/index.php?rest_route=\/wp\/v2\/users\/1"}],"replies":[{"embeddable":true,"href":"https:\/\/lifestarmagazin.com.tr\/index.php?rest_route=%2Fwp%2Fv2%2Fcomments&post=41"}],"version-history":[{"count":1,"href":"https:\/\/lifestarmagazin.com.tr\/index.php?rest_route=\/wp\/v2\/posts\/41\/revisions"}],"predecessor-version":[{"id":43,"href":"https:\/\/lifestarmagazin.com.tr\/index.php?rest_route=\/wp\/v2\/posts\/41\/revisions\/43"}],"wp:featuredmedia":[{"embeddable":true,"href":"https:\/\/lifestarmagazin.com.tr\/index.php?rest_route=\/wp\/v2\/media\/42"}],"wp:attachment":[{"href":"https:\/\/lifestarmagazin.com.tr\/index.php?rest_route=%2Fwp%2Fv2%2Fmedia&parent=41"}],"wp:term":[{"taxonomy":"category","embeddable":true,"href":"https:\/\/lifestarmagazin.com.tr\/index.php?rest_route=%2Fwp%2Fv2%2Fcategories&post=41"},{"taxonomy":"post_tag","embeddable":true,"href":"https:\/\/lifestarmagazin.com.tr\/index.php?rest_route=%2Fwp%2Fv2%2Ftags&post=41"}],"curies":[{"name":"wp","href":"https:\/\/api.w.org\/{rel}","templated":true}]}}