{"id":35,"date":"2026-06-26T10:39:41","date_gmt":"2026-06-26T10:39:41","guid":{"rendered":"https:\/\/lifestarmagazin.com.tr\/?p=35"},"modified":"2026-06-26T10:39:41","modified_gmt":"2026-06-26T10:39:41","slug":"sahra-isikin-aldatidris-aybirdi-sessizligini-bozdu-seray-kaya-ve-aldatma-iddialarina-ilk-cevap","status":"publish","type":"post","link":"https:\/\/lifestarmagazin.com.tr\/?p=35","title":{"rendered":"Sahra I\u015f\u0131k&#8217;\u0131n aldat\u0130dris Aybirdi Sessizli\u011fini Bozdu: Seray Kaya ve Aldatma \u0130ddialar\u0131na \u0130lk Cevap!"},"content":{"rendered":"\n<p class=\"wp-block-paragraph\">Survivor eski yar\u0131\u015fmac\u0131s\u0131 Sahra I\u015f\u0131k\u2019\u0131n, eski e\u015fi \u0130dris Aybirdi\u2019nin kendisini oyuncu Seray Kaya ile aldatt\u0131\u011f\u0131 y\u00f6n\u00fcndeki \u015fok iddias\u0131na cevap geldi. G\u00fcnlerdir s\u00fcren sessizli\u011fini yaz\u0131l\u0131 bir a\u00e7\u0131klamayla bozan Aybirdi, iddialar\u0131 kesin bir dille yalanlad\u0131. Evlilik s\u00fcrecinde Seray Kaya ile bir tan\u0131\u015f\u0131kl\u0131\u011f\u0131 dahi olmad\u0131\u011f\u0131n\u0131 belirten Aybirdi, bug\u00fcne kadar sadece o\u011flunun huzuru i\u00e7in sustu\u011funu vurgulayarak, ailevi meselelerin sosyal medyada malzeme yap\u0131lmamas\u0131n\u0131 istedi.<\/p>\n\n\n\n<p class=\"wp-block-paragraph\">Survivor yar\u0131\u015fmac\u0131s\u0131&nbsp;<a href=\"https:\/\/www.sondakika.com\/sahra-isik\/\">Sahra I\u015f\u0131k<\/a>&nbsp;ile olayl\u0131 bir \u015fekilde bo\u015fanan \u0130dris Aybirdi,&nbsp;<a href=\"https:\/\/www.sondakika.com\/magazin\/\">magazin<\/a>&nbsp;g\u00fcndemini sallayan &#8220;<a href=\"https:\/\/www.sondakika.com\/seray-kaya\/\">Seray Kaya<\/a>&nbsp;ile aldatma&#8221; iddialar\u0131na ilk kez yan\u0131t verdi. Sosyal medya hesab\u0131ndan yaz\u0131l\u0131 bir a\u00e7\u0131klama yay\u0131mlayan Aybirdi, iddialar\u0131 kesin bir dille yalanlayarak, &#8220;\u00dc\u00e7\u00fcnc\u00fc ki\u015filerin bu s\u00fcrece haks\u0131z yere dahil edilmesini do\u011fru bulmuyorum&#8221; dedi.<\/p>\n\n\n\n<p class=\"wp-block-paragraph\">Survivor kariyeriyle tan\u0131nan Sahra I\u015f\u0131k ile 2019 y\u0131l\u0131nda d\u00fcnyaevine giren ve ge\u00e7ti\u011fimiz aylarda yollar\u0131n\u0131 ay\u0131ran \u0130dris Aybirdi, g\u00fcnlerdir hakk\u0131nda ortaya at\u0131lan \u015fok iddialar\u0131n ard\u0131ndan suskunlu\u011funu bozdu. Sahra I\u015f\u0131k\u2019\u0131n, eski e\u015finin kendisini&nbsp;<a href=\"https:\/\/www.sondakika.com\/kizilcik-serbeti\/\">K\u0131z\u0131lc\u0131k \u015eerbeti<\/a>&nbsp;dizisinin oyuncusu Seray Kaya ile aldatt\u0131\u011f\u0131n\u0131 \u00f6ne s\u00fcrmesi magazin g\u00fcndemini sallad\u0131. \u0130ddialar\u0131n oda\u011f\u0131ndaki Seray Kaya sessizli\u011fini korurken, beklenen a\u00e7\u0131klama \u0130dris Aybirdi\u2019den geldi.<\/p>\n\n\n\n<figure class=\"wp-block-image\"><img decoding=\"async\" src=\"https:\/\/foto.sondakika.com\/haber\/2026\/06\/26\/sahra-isikin-aldatidris-aybird-11865333-5991_1_m.jpg\" alt=\"Sahra I\u015f\u0131k'\u0131n aldat\u0130dris Aybirdi Sessizli\u011fini Bozdu: Seray Kaya ve Aldatma \u0130ddialar\u0131na \u0130lk Cevap!\"\/><\/figure>\n\n\n\n<h3 class=\"wp-block-heading\">&#8220;KAYITLAR VE TAR\u0130HLER TAMAMEN GER\u00c7EK DI\u015eI&#8221;<\/h3>\n\n\n\n<p class=\"wp-block-paragraph\">Sosyal medya hesab\u0131ndan yaz\u0131l\u0131 bir metin payla\u015fan \u0130dris Aybirdi, evliliklerinin asl\u0131nda kar\u015f\u0131l\u0131kl\u0131 sayg\u0131 \u00e7er\u00e7evesinde bitti\u011fini, hatta Sahra I\u015f\u0131k&#8217;\u0131n da ilk etapta bu y\u00f6nde a\u00e7\u0131klama yapt\u0131\u011f\u0131n\u0131 hat\u0131rlatt\u0131. Aldatman\u0131n s\u00f6z konusu olmad\u0131\u011f\u0131n\u0131 vurgulayan Aybirdi, \u015fu ifadeleri kulland\u0131:<\/p>\n\n\n\n<p class=\"wp-block-paragraph\">&#8220;<a href=\"https:\/\/www.sondakika.com\/evlilik\/\">Evlilik<\/a>&nbsp;birli\u011fimiz s\u00fcresince, s\u00fcrece dahil edilmeye \u00e7al\u0131\u015f\u0131lan ki\u015fi ile iddia edilen tarihlerde bir tan\u0131\u015fmam\u0131z ya da birlikteli\u011fimiz ba\u015flamam\u0131\u015ft\u0131r. Ger\u00e7ek d\u0131\u015f\u0131 tarih ve yorumlarla farkl\u0131 bir alg\u0131 olu\u015fturulmas\u0131n\u0131 kabul etmiyor, \u00f6zel hayat\u0131m\u0131za \u00fc\u00e7\u00fcnc\u00fc ki\u015filerin haks\u0131z \u015fekilde dahil edilmesini do\u011fru bulmuyorum.&#8221;<\/p>\n\n\n\n<figure class=\"wp-block-image\"><img decoding=\"async\" src=\"https:\/\/foto.sondakika.com\/haber\/2026\/06\/26\/sahra-isikin-aldatidris-aybird-74767651-4880_1_m.jpg\" alt=\"Sahra I\u015f\u0131k'\u0131n aldat\u0130dris Aybirdi Sessizli\u011fini Bozdu: Seray Kaya ve Aldatma \u0130ddialar\u0131na \u0130lk Cevap!\"\/><\/figure>\n\n\n\n<h3 class=\"wp-block-heading\">&#8220;SESS\u0130ZL\u0130\u011e\u0130M\u0130N TEK SEBEB\u0130 O\u011eLUM&#8221;<\/h3>\n\n\n\n<p class=\"wp-block-paragraph\">Bug\u00fcne kadar magazin fig\u00fcr\u00fc olmaktan ka\u00e7\u0131nd\u0131\u011f\u0131n\u0131 ve sessiz kald\u0131\u011f\u0131n\u0131 belirten Aybirdi, bu tavr\u0131n\u0131n arkas\u0131ndaki en b\u00fcy\u00fck motivasyonun babal\u0131k sorumlulu\u011fu oldu\u011funu dile getirdi. O\u011flunun bu s\u00fcre\u00e7ten zarar g\u00f6rmemesi i\u00e7in \u00e7abalad\u0131\u011f\u0131n\u0131 s\u00f6yleyen i\u015f insan\u0131, &#8220;Bir baba olarak \u00f6nceli\u011fim her zaman onun huzuru ve mutlulu\u011fu olacakt\u0131r. Elbette o\u011flumla ilgili maddi ve manevi t\u00fcm sorumluluklar\u0131m\u0131 yerine getiriyorum&#8221; diyerek hakk\u0131ndaki di\u011fer iddialara da set \u00e7ekti.<\/p>\n\n\n\n<figure class=\"wp-block-image\"><img decoding=\"async\" src=\"https:\/\/foto.sondakika.com\/haber\/2026\/06\/26\/sahra-isikin-aldatidris-aybird-53712592-1331_1_m.jpg\" alt=\"Sahra I\u015f\u0131k'\u0131n aldat\u0130dris Aybirdi Sessizli\u011fini Bozdu: Seray Kaya ve Aldatma \u0130ddialar\u0131na \u0130lk Cevap!\"\/><\/figure>\n\n\n\n<h3 class=\"wp-block-heading\">&#8220;MESELELER SOSYAL MEDYADA DE\u011e\u0130L SA\u011eDUYULU ZEM\u0130NDE \u00c7\u00d6Z\u00dcLMEL\u0130&#8221;<\/h3>\n\n\n\n<p class=\"wp-block-paragraph\">A\u00e7\u0131klamas\u0131n\u0131n sonunda as\u0131ls\u0131z iddialar\u0131n son bulmas\u0131n\u0131 temenni eden \u0130dris Aybirdi, ailevi meselelerin ekranlarda ya da sosyal medya platformlar\u0131nda malzeme yap\u0131lmamas\u0131 gerekti\u011finin alt\u0131n\u0131 \u00e7izdi. S\u00fcrecin daha fazla y\u0131prat\u0131c\u0131 olmamas\u0131 ad\u0131na herkesten \u00f6l\u00e7\u00fcl\u00fc ve hassas bir yakla\u015f\u0131m rica eden Aybirdi, sa\u011fduyu \u00e7a\u011fr\u0131s\u0131nda bulunarak s\u00f6zlerini noktalad\u0131.<\/p>\n\n\n\n<p class=\"wp-block-paragraph\"><a href=\"https:\/\/www.sondakika.com\/kizilcik-serbeti\/\"><strong>K\u0131z\u0131lc\u0131k \u015eerbeti<\/strong><\/a>,&nbsp;<a href=\"https:\/\/www.sondakika.com\/seray-kaya\/\"><strong>Seray Kaya<\/strong><\/a>,&nbsp;<a href=\"https:\/\/www.sondakika.com\/sahra-isik\/\"><strong>Sahra I\u015f\u0131k<\/strong><\/a>,&nbsp;<a href=\"https:\/\/www.sondakika.com\/aldatmak\/\"><strong>Aldatmak<\/strong><\/a>,&nbsp;<a href=\"https:\/\/www.sondakika.com\/evlilik\/\"><strong>Evlilik<\/strong><\/a>,&nbsp;<a href=\"https:\/\/www.sondakika.com\/magazin\/\"><strong>Magazin<\/strong><\/a>,&nbsp;<a href=\"https:\/\/www.sondakika.com\/sahra\/\"><strong>Sahra<\/strong><\/a><\/p>\n","protected":false},"excerpt":{"rendered":"<p>Survivor eski yar\u0131\u015fmac\u0131s\u0131 Sahra I\u015f\u0131k\u2019\u0131n, eski e\u015fi \u0130dris Aybirdi\u2019nin kendisini oyuncu Seray Kaya ile aldatt\u0131\u011f\u0131&#8230;<\/p>\n","protected":false},"author":1,"featured_media":36,"comment_status":"open","ping_status":"open","sticky":false,"template":"","format":"standard","meta":{"footnotes":""},"categories":[3],"tags":[],"class_list":["post-35","post","type-post","status-publish","format-standard","has-post-thumbnail","hentry","category-guncel"],"_links":{"self":[{"href":"https:\/\/lifestarmagazin.com.tr\/index.php?rest_route=\/wp\/v2\/posts\/35","targetHints":{"allow":["GET"]}}],"collection":[{"href":"https:\/\/lifestarmagazin.com.tr\/index.php?rest_route=\/wp\/v2\/posts"}],"about":[{"href":"https:\/\/lifestarmagazin.com.tr\/index.php?rest_route=\/wp\/v2\/types\/post"}],"author":[{"embeddable":true,"href":"https:\/\/lifestarmagazin.com.tr\/index.php?rest_route=\/wp\/v2\/users\/1"}],"replies":[{"embeddable":true,"href":"https:\/\/lifestarmagazin.com.tr\/index.php?rest_route=%2Fwp%2Fv2%2Fcomments&post=35"}],"version-history":[{"count":1,"href":"https:\/\/lifestarmagazin.com.tr\/index.php?rest_route=\/wp\/v2\/posts\/35\/revisions"}],"predecessor-version":[{"id":37,"href":"https:\/\/lifestarmagazin.com.tr\/index.php?rest_route=\/wp\/v2\/posts\/35\/revisions\/37"}],"wp:featuredmedia":[{"embeddable":true,"href":"https:\/\/lifestarmagazin.com.tr\/index.php?rest_route=\/wp\/v2\/media\/36"}],"wp:attachment":[{"href":"https:\/\/lifestarmagazin.com.tr\/index.php?rest_route=%2Fwp%2Fv2%2Fmedia&parent=35"}],"wp:term":[{"taxonomy":"category","embeddable":true,"href":"https:\/\/lifestarmagazin.com.tr\/index.php?rest_route=%2Fwp%2Fv2%2Fcategories&post=35"},{"taxonomy":"post_tag","embeddable":true,"href":"https:\/\/lifestarmagazin.com.tr\/index.php?rest_route=%2Fwp%2Fv2%2Ftags&post=35"}],"curies":[{"name":"wp","href":"https:\/\/api.w.org\/{rel}","templated":true}]}}