{"id":186,"date":"2026-08-30T13:20:54","date_gmt":"2026-08-30T13:20:54","guid":{"rendered":"https:\/\/lifestarmagazin.com.tr\/?p=186"},"modified":"2026-08-30T13:20:55","modified_gmt":"2026-08-30T13:20:55","slug":"uzak-sehirin-pakizesi-yaren-guldikenden-sezon-oncesi-tatil-pozlari","status":"publish","type":"post","link":"https:\/\/lifestarmagazin.com.tr\/?p=186","title":{"rendered":"Uzak \u015eehir\u2019in Pakize\u2019si Yaren G\u00fcldiken\u2019den Sezon \u00d6ncesi Tatil Pozlar\u0131"},"content":{"rendered":"\n<p class=\"wp-block-paragraph\">Uzak \u015eehir dizisinin 3. sezonunda izleyici kar\u015f\u0131s\u0131na \u00e7\u0131kmaya haz\u0131rlanan Yaren G\u00fcldiken, \u00e7ekimler \u00f6ncesinde tatil yapt\u0131. Gen\u00e7 oyuncunun bikinili tatil foto\u011fraflar\u0131 sosyal medyada ilgi g\u00f6rd\u00fc.<\/p>\n\n\n\n<figure class=\"wp-block-image is-resized\"><img decoding=\"async\" src=\"https:\/\/turkiyemradyo.com\/wp-content\/uploads\/2026\/08\/uzak-sehirin-pakizesinden-sezo-11391641-1977_1_m.webp\" alt=\"\" class=\"wp-image-1272\" style=\"aspect-ratio:0.7494145199063232;width:640px;height:auto\"\/><\/figure>\n\n\n\n<h3 class=\"wp-block-heading\">\u00c7EK\u0130MLER \u00d6NCES\u0130 DEN\u0130Z MOLASI<\/h3>\n\n\n\n<figure class=\"wp-block-image is-resized\"><img decoding=\"async\" src=\"https:\/\/turkiyemradyo.com\/wp-content\/uploads\/2026\/08\/uzak-sehirin-pakizesinden-sezo-89700049-2752_1_m.webp\" alt=\"\" class=\"wp-image-1273\" style=\"aspect-ratio:0.7494145199063232;width:640px;height:auto\"\/><\/figure>\n\n\n\n<p class=\"wp-block-paragraph\">Uzak \u015eehir dizisinde Pakize karakterini canland\u0131ran Yaren G\u00fcldiken, \u00fc\u00e7\u00fcnc\u00fc sezon \u00e7ekimleri ba\u015flamadan \u00f6nce tatil yaparak dinlendi. Arkada\u015flar\u0131yla birlikte sahillere giden oyuncu, deniz ve g\u00fcne\u015fin tad\u0131n\u0131 \u00e7\u0131kard\u0131.<\/p>\n\n\n\n<figure class=\"wp-block-image is-resized\"><img decoding=\"async\" src=\"https:\/\/turkiyemradyo.com\/wp-content\/uploads\/2026\/08\/uzak-sehirin-pakizesinden-sezo-6577b5ba1b-2000_1_m.webp\" alt=\"\" class=\"wp-image-1274\" style=\"aspect-ratio:0.7494145199063232;width:640px;height:auto\"\/><\/figure>\n\n\n\n<p class=\"wp-block-paragraph\">Sezon aras\u0131nda tatil yapan G\u00fcldiken, plajda ge\u00e7irdi\u011fi anlar\u0131 sosyal medya hesab\u0131ndan takip\u00e7ileriyle payla\u015ft\u0131.<\/p>\n\n\n\n<figure class=\"wp-block-image is-resized\"><img decoding=\"async\" src=\"https:\/\/turkiyemradyo.com\/wp-content\/uploads\/2026\/08\/uzak-sehirin-pakizesinden-sezo-89545339-9152_1_m.webp\" alt=\"\" class=\"wp-image-1275\" style=\"aspect-ratio:0.7494145199063232;width:640px;height:auto\"\/><\/figure>\n\n\n\n<h3 class=\"wp-block-heading\">\u201cA\u011eLAYARAK DEN\u0130ZE G\u0130RD\u0130M\u201d NOTU D\u0130KKAT \u00c7EKT\u0130<\/h3>\n\n\n\n<figure class=\"wp-block-image is-resized\"><img decoding=\"async\" src=\"https:\/\/turkiyemradyo.com\/wp-content\/uploads\/2026\/08\/uzak-sehirin-pakizesinden-sezo-88126894-3227_1_m.webp\" alt=\"\" class=\"wp-image-1276\" style=\"aspect-ratio:0.7494145199063232;width:640px;height:auto\"\/><\/figure>\n\n\n\n<p class=\"wp-block-paragraph\">Sosyal medya hesab\u0131n\u0131 aktif olarak kullanan Yaren G\u00fcldiken, tatil foto\u011fraflar\u0131n\u0131 pe\u015f pe\u015fe yay\u0131nlad\u0131. Bikinili pozlar\u0131n\u0131 payla\u015fan oyuncu, karelerinden birine \u201cA\u011flayarak denize girdim\u201d notunu ekledi.<\/p>\n\n\n\n<p class=\"wp-block-paragraph\">G\u00fcldiken\u2019in payla\u015f\u0131m\u0131 k\u0131sa s\u00fcrede \u00e7ok say\u0131da be\u011feni ve yorum ald\u0131.<\/p>\n\n\n\n<figure class=\"wp-block-image is-resized\"><img decoding=\"async\" src=\"https:\/\/turkiyemradyo.com\/wp-content\/uploads\/2026\/08\/uzak-sehirin-pakizesinden-plaj-pozlari-aglayarak-denize-girdim_20189087_52.jpg\" alt=\"\" class=\"wp-image-1277\" style=\"aspect-ratio:1.5;width:735px;height:auto\"\/><\/figure>\n\n\n\n<p class=\"wp-block-paragraph\">Oyuncu, yeni sezon \u00e7ekimleri \u00f6ncesinde yapt\u0131\u011f\u0131 tatilin ard\u0131ndan yeniden set \u00e7al\u0131\u015fmalar\u0131na ba\u015flayacak.<\/p>\n\n\n\n<p class=\"wp-block-paragraph\">.<\/p>\n","protected":false},"excerpt":{"rendered":"<p>Uzak \u015eehir dizisinin 3. sezonunda izleyici kar\u015f\u0131s\u0131na \u00e7\u0131kmaya haz\u0131rlanan Yaren G\u00fcldiken, \u00e7ekimler \u00f6ncesinde tatil yapt\u0131&#8230;.<\/p>\n","protected":false},"author":1,"featured_media":187,"comment_status":"open","ping_status":"open","sticky":false,"template":"","format":"standard","meta":{"footnotes":""},"categories":[3],"tags":[],"class_list":["post-186","post","type-post","status-publish","format-standard","has-post-thumbnail","hentry","category-guncel"],"_links":{"self":[{"href":"https:\/\/lifestarmagazin.com.tr\/index.php?rest_route=\/wp\/v2\/posts\/186","targetHints":{"allow":["GET"]}}],"collection":[{"href":"https:\/\/lifestarmagazin.com.tr\/index.php?rest_route=\/wp\/v2\/posts"}],"about":[{"href":"https:\/\/lifestarmagazin.com.tr\/index.php?rest_route=\/wp\/v2\/types\/post"}],"author":[{"embeddable":true,"href":"https:\/\/lifestarmagazin.com.tr\/index.php?rest_route=\/wp\/v2\/users\/1"}],"replies":[{"embeddable":true,"href":"https:\/\/lifestarmagazin.com.tr\/index.php?rest_route=%2Fwp%2Fv2%2Fcomments&post=186"}],"version-history":[{"count":1,"href":"https:\/\/lifestarmagazin.com.tr\/index.php?rest_route=\/wp\/v2\/posts\/186\/revisions"}],"predecessor-version":[{"id":188,"href":"https:\/\/lifestarmagazin.com.tr\/index.php?rest_route=\/wp\/v2\/posts\/186\/revisions\/188"}],"wp:featuredmedia":[{"embeddable":true,"href":"https:\/\/lifestarmagazin.com.tr\/index.php?rest_route=\/wp\/v2\/media\/187"}],"wp:attachment":[{"href":"https:\/\/lifestarmagazin.com.tr\/index.php?rest_route=%2Fwp%2Fv2%2Fmedia&parent=186"}],"wp:term":[{"taxonomy":"category","embeddable":true,"href":"https:\/\/lifestarmagazin.com.tr\/index.php?rest_route=%2Fwp%2Fv2%2Fcategories&post=186"},{"taxonomy":"post_tag","embeddable":true,"href":"https:\/\/lifestarmagazin.com.tr\/index.php?rest_route=%2Fwp%2Fv2%2Ftags&post=186"}],"curies":[{"name":"wp","href":"https:\/\/api.w.org\/{rel}","templated":true}]}}