{"id":183,"date":"2026-08-30T13:09:02","date_gmt":"2026-08-30T13:09:02","guid":{"rendered":"https:\/\/lifestarmagazin.com.tr\/?p=183"},"modified":"2026-08-30T13:09:02","modified_gmt":"2026-08-30T13:09:02","slug":"sahnelerin-duayeni-fatih-omercikogluna-buyuk-onur","status":"publish","type":"post","link":"https:\/\/lifestarmagazin.com.tr\/?p=183","title":{"rendered":"SAHNELER\u0130N DUAYEN\u0130 FAT\u0130H \u00d6MERC\u0130KO\u011eLU\u2019NA B\u00dcY\u00dcK ONUR!"},"content":{"rendered":"\n<h2 class=\"wp-block-heading\"><strong>Sanat ve Moda D\u00fcnyas\u0131na Y\u00f6n Veren Ba\u015far\u0131s\u0131 2026 Mesleki Ba\u015far\u0131 \u00d6d\u00fcl\u00fc ile Ta\u00e7land\u0131<\/strong><\/h2>\n\n\n\n<p class=\"wp-block-paragraph\">Sanat y\u00f6netmenli\u011fi ve koreografi alan\u0131nda y\u0131llard\u0131r ortaya koydu\u011fu \u00f6zg\u00fcn \u00e7al\u0131\u015fmalarla ad\u0131ndan s\u00f6z ettiren&nbsp;<strong>Fatih \u00d6merciko\u011flu<\/strong>, sanat ve moda d\u00fcnyas\u0131na katt\u0131\u011f\u0131 de\u011fer, g\u00fc\u00e7l\u00fc sahne esteti\u011fi ve ba\u015far\u0131l\u0131 kariyeriyle&nbsp;<strong>2026 Mesleki Ba\u015far\u0131 \u00d6d\u00fcl\u00fc\u2019ne<\/strong>&nbsp;lay\u0131k g\u00f6r\u00fcld\u00fc.<\/p>\n\n\n\n<p class=\"wp-block-paragraph\">Kariyeri boyunca ger\u00e7ekle\u015ftirdi\u011fi yarat\u0131c\u0131 projeler, ses getiren defile koreografileri ve sanat y\u00f6netmenli\u011fi \u00e7al\u0131\u015fmalar\u0131yla sekt\u00f6r\u00fcn dikkat \u00e7eken isimlerinden biri olan \u00d6merciko\u011flu, sahne sanatlar\u0131nda olu\u015fturdu\u011fu kendine \u00f6zg\u00fc \u00e7izgisiyle ba\u015far\u0131s\u0131n\u0131 bir kez daha kan\u0131tlad\u0131.<\/p>\n\n\n\n<p class=\"wp-block-paragraph\">\u00d6merciko\u011flu\u2019nun ald\u0131\u011f\u0131 bu anlaml\u0131 \u00f6d\u00fcl, y\u0131llara yay\u0131lan mesleki birikiminin, \u00fcretkenli\u011finin ve sanat d\u00fcnyas\u0131na kazand\u0131rd\u0131\u011f\u0131 \u00f6zg\u00fcn \u00e7al\u0131\u015fmalar\u0131n \u00f6nemli bir kar\u015f\u0131l\u0131\u011f\u0131 oldu.<\/p>\n\n\n\n<h3 class=\"wp-block-heading\"><strong>SAHNEDE KEND\u0130 \u0130MZASINI OLU\u015eTURDU<\/strong><\/h3>\n\n\n\n<p class=\"wp-block-paragraph\">Koreografi \u00e7al\u0131\u015fmalar\u0131nda m\u00fczik, hareket, kost\u00fcm, \u0131\u015f\u0131k ve sahne esteti\u011fini bir b\u00fct\u00fcn olarak ele alan \u00d6merciko\u011flu, \u00f6zellikle moda ve defile organizasyonlar\u0131nda ortaya koydu\u011fu farkl\u0131 anlay\u0131\u015fla \u00f6ne \u00e7\u0131kt\u0131.<\/p>\n\n\n\n<p class=\"wp-block-paragraph\">Podyumlar\u0131 yaln\u0131zca bir y\u00fcr\u00fcy\u00fc\u015f alan\u0131 olmaktan \u00e7\u0131kararak g\u00f6rsel bir g\u00f6steriye d\u00f6n\u00fc\u015ft\u00fcren yakla\u015f\u0131m\u0131, onun y\u0131llar i\u00e7erisinde sekt\u00f6rde kendine \u00f6zg\u00fc bir isim ve marka olu\u015fturmas\u0131n\u0131 sa\u011flad\u0131.<\/p>\n\n\n\n<p class=\"wp-block-paragraph\">Sanat y\u00f6netmenli\u011fi alan\u0131ndaki deneyimiyle farkl\u0131 projelere y\u00f6n veren \u00d6merciko\u011flu,&nbsp;<strong>yarat\u0131c\u0131l\u0131\u011f\u0131, disiplinli \u00e7al\u0131\u015fma anlay\u0131\u015f\u0131 ve sahne hakimiyetiyle<\/strong>&nbsp;mesleki kariyerinde kal\u0131c\u0131 bir iz b\u0131rakt\u0131.<\/p>\n\n\n\n<h3 class=\"wp-block-heading\"><strong>YILLARIN EME\u011e\u0130 TEK B\u0130R \u00d6D\u00dcLLE TA\u00c7LANDI<\/strong><\/h3>\n\n\n\n<p class=\"wp-block-paragraph\">Fatih \u00d6merciko\u011flu\u2019nun kariyerindeki ba\u015far\u0131lar bununla da s\u0131n\u0131rl\u0131 kalmad\u0131. Farkl\u0131 y\u0131llarda ald\u0131\u011f\u0131 \u00f6d\u00fcller ve ger\u00e7ekle\u015ftirdi\u011fi ba\u015far\u0131l\u0131 projeler, koreografi ve sanat y\u00f6netmenli\u011fi alan\u0131nda ortaya koydu\u011fu istikrarl\u0131 \u00e7al\u0131\u015fman\u0131n g\u00f6stergesi oldu.<\/p>\n\n\n\n<p class=\"wp-block-paragraph\">2026 Mesleki Ba\u015far\u0131 \u00d6d\u00fcl\u00fc ise \u00d6merciko\u011flu\u2019nun&nbsp;<strong>uzun y\u0131llara dayanan meslek hayat\u0131n\u0131n ve sanat d\u00fcnyas\u0131ndaki \u00fcretiminin<\/strong>&nbsp;yeni bir ta\u00e7land\u0131r\u0131lmas\u0131 olarak \u00f6ne \u00e7\u0131kt\u0131.<\/p>\n\n\n\n<h3 class=\"wp-block-heading\"><strong>FAT\u0130H \u00d6MERC\u0130KO\u011eLU\u2019NUN GECES\u0130<\/strong><\/h3>\n\n\n\n<figure class=\"wp-block-image is-resized\"><img decoding=\"async\" src=\"https:\/\/fashiontrends.com.tr\/wp-content\/uploads\/2026\/08\/698a0c671dc3c-768x1024-1.jpeg\" alt=\"\" class=\"wp-image-87\" style=\"aspect-ratio:0.75;width:768px;height:auto\"\/><\/figure>\n\n\n\n<p class=\"wp-block-paragraph\">Sanat, moda, sahne ve i\u015f d\u00fcnyas\u0131n\u0131n \u00f6nemli isimlerinin kat\u0131ld\u0131\u011f\u0131 gecede \u00f6d\u00fcl\u00fcn\u00fc alan Fatih \u00d6merciko\u011flu, y\u0131llard\u0131r emek verdi\u011fi mesle\u011finde \u00f6nemli bir ba\u015far\u0131ya daha imza att\u0131.<\/p>\n\n\n\n<figure class=\"wp-block-image is-resized\"><img decoding=\"async\" src=\"https:\/\/fashiontrends.com.tr\/wp-content\/uploads\/2026\/08\/698a0c7fb913d-768x1024-1.jpeg\" alt=\"\" class=\"wp-image-86\" style=\"aspect-ratio:0.75;width:768px;height:auto\"\/><\/figure>\n\n\n\n<p class=\"wp-block-paragraph\"><strong>Sahne arkas\u0131ndaki eme\u011fi, yarat\u0131c\u0131 dokunu\u015flar\u0131 ve \u00f6zg\u00fcn koreografi anlay\u0131\u015f\u0131yla y\u0131llard\u0131r alk\u0131\u015flanan \u00d6merciko\u011flu, 2026 Mesleki Ba\u015far\u0131 \u00d6d\u00fcl\u00fc ile kariyerine de\u011ferli bir ba\u015far\u0131 daha ekledi.<\/strong><\/p>\n\n\n\n<figure class=\"wp-block-image is-resized\"><img decoding=\"async\" src=\"https:\/\/fashiontrends.com.tr\/wp-content\/uploads\/2026\/08\/698a0c940db02-768x1024-1.jpeg\" alt=\"\" class=\"wp-image-85\" style=\"aspect-ratio:0.75;width:768px;height:auto\"\/><\/figure>\n\n\n\n<p class=\"wp-block-paragraph\">Bu \u00f6d\u00fcl,&nbsp;<strong>Fatih \u00d6merciko\u011flu\u2019nun sanat ve moda d\u00fcnyas\u0131nda y\u0131llar i\u00e7erisinde olu\u015fturdu\u011fu g\u00fc\u00e7l\u00fc kariyerin, \u00f6zg\u00fcn vizyonunun ve mesle\u011fine duydu\u011fu ba\u011fl\u0131l\u0131\u011f\u0131n dikkat \u00e7ekici bir yans\u0131mas\u0131 oldu.<\/strong><\/p>\n","protected":false},"excerpt":{"rendered":"<p>Sanat ve Moda D\u00fcnyas\u0131na Y\u00f6n Veren Ba\u015far\u0131s\u0131 2026 Mesleki Ba\u015far\u0131 \u00d6d\u00fcl\u00fc ile Ta\u00e7land\u0131 Sanat y\u00f6netmenli\u011fi&#8230;<\/p>\n","protected":false},"author":1,"featured_media":184,"comment_status":"open","ping_status":"open","sticky":false,"template":"","format":"standard","meta":{"footnotes":""},"categories":[3],"tags":[],"class_list":["post-183","post","type-post","status-publish","format-standard","has-post-thumbnail","hentry","category-guncel"],"_links":{"self":[{"href":"https:\/\/lifestarmagazin.com.tr\/index.php?rest_route=\/wp\/v2\/posts\/183","targetHints":{"allow":["GET"]}}],"collection":[{"href":"https:\/\/lifestarmagazin.com.tr\/index.php?rest_route=\/wp\/v2\/posts"}],"about":[{"href":"https:\/\/lifestarmagazin.com.tr\/index.php?rest_route=\/wp\/v2\/types\/post"}],"author":[{"embeddable":true,"href":"https:\/\/lifestarmagazin.com.tr\/index.php?rest_route=\/wp\/v2\/users\/1"}],"replies":[{"embeddable":true,"href":"https:\/\/lifestarmagazin.com.tr\/index.php?rest_route=%2Fwp%2Fv2%2Fcomments&post=183"}],"version-history":[{"count":1,"href":"https:\/\/lifestarmagazin.com.tr\/index.php?rest_route=\/wp\/v2\/posts\/183\/revisions"}],"predecessor-version":[{"id":185,"href":"https:\/\/lifestarmagazin.com.tr\/index.php?rest_route=\/wp\/v2\/posts\/183\/revisions\/185"}],"wp:featuredmedia":[{"embeddable":true,"href":"https:\/\/lifestarmagazin.com.tr\/index.php?rest_route=\/wp\/v2\/media\/184"}],"wp:attachment":[{"href":"https:\/\/lifestarmagazin.com.tr\/index.php?rest_route=%2Fwp%2Fv2%2Fmedia&parent=183"}],"wp:term":[{"taxonomy":"category","embeddable":true,"href":"https:\/\/lifestarmagazin.com.tr\/index.php?rest_route=%2Fwp%2Fv2%2Fcategories&post=183"},{"taxonomy":"post_tag","embeddable":true,"href":"https:\/\/lifestarmagazin.com.tr\/index.php?rest_route=%2Fwp%2Fv2%2Ftags&post=183"}],"curies":[{"name":"wp","href":"https:\/\/api.w.org\/{rel}","templated":true}]}}