{"id":177,"date":"2026-08-30T13:06:45","date_gmt":"2026-08-30T13:06:45","guid":{"rendered":"https:\/\/lifestarmagazin.com.tr\/?p=177"},"modified":"2026-08-30T13:06:45","modified_gmt":"2026-08-30T13:06:45","slug":"ringdeki-guc-sahnedeki-tutku-serpil-uzuncavdardan-kor-alev-firtinasi","status":"publish","type":"post","link":"https:\/\/lifestarmagazin.com.tr\/?p=177","title":{"rendered":"R\u0130NGDEK\u0130 G\u00dc\u00c7, SAHNEDEK\u0130 TUTKU: SERP\u0130L UZUN\u00c7AVDAR\u2019DAN \u201cKOR ALEV\u201d FIRTINASI"},"content":{"rendered":"\n<p class=\"wp-block-paragraph\">Milli sporcu, ba\u015far\u0131l\u0131 i\u015f kad\u0131n\u0131 ve sanat\u00e7\u0131 kimli\u011fiyle dikkat \u00e7eken Serpil Uzun\u00e7avdar, s\u00f6z ve m\u00fczi\u011fi kendisine ait olan yeni \u015fark\u0131s\u0131&nbsp;<strong>\u201cKor Alev\u201d<\/strong>&nbsp;ile m\u00fczik d\u00fcnyas\u0131ndaki yolculu\u011funu s\u00fcrd\u00fcr\u00fcyor.<\/p>\n\n\n\n<figure class=\"wp-block-image is-resized\"><img decoding=\"async\" src=\"https:\/\/fashiontrends.com.tr\/wp-content\/uploads\/2026\/08\/6a8d6fb40c40e.jpeg\" alt=\"\" class=\"wp-image-95\" style=\"aspect-ratio:0.46027742749054223;width:365px;height:auto\"\/><\/figure>\n\n\n\n<p class=\"wp-block-paragraph\">A\u015fk\u0131n en tutkulu ve yak\u0131c\u0131 halini anlatan \u201cKor Alev\u201d, g\u00fc\u00e7l\u00fc melodisi, dikkat \u00e7ekici s\u00f6zleri ve modern pop sound\u2019uyla dinleyicinin kar\u015f\u0131s\u0131na \u00e7\u0131k\u0131yor. \u015eark\u0131da yer alan \u201cElimi tut, d\u00fcnya dursun \/ Bu kalp sadece sana tutu\u015fsun \/ A\u015fk dedi\u011fin kor alev, yang\u0131n yeri \/ Bu seninle olmu\u015f divane, deli\u2026\u201d s\u00f6zleri, eserin duygusal d\u00fcnyas\u0131n\u0131 g\u00fc\u00e7l\u00fc bir \u015fekilde yans\u0131t\u0131yor.<\/p>\n\n\n\n<p class=\"wp-block-paragraph\">Sporculuk kariyerinde edindi\u011fi disiplin, m\u00fccadele azmi ve kararl\u0131l\u0131\u011f\u0131 sanat \u00e7al\u0131\u015fmalar\u0131na da yans\u0131yan Uzun\u00e7avdar, m\u00fczikte de kendi s\u00f6zlerini ve kendi duygular\u0131n\u0131 anlatmay\u0131 tercih ediyor. \u201cKor Alev\u201d, sanat\u00e7\u0131n\u0131n 10 \u015fark\u0131l\u0131k \u00fcretim s\u00fcrecinde haz\u0131rlad\u0131\u011f\u0131&nbsp;<strong>alt\u0131nc\u0131 klip<\/strong>&nbsp;olarak \u00f6ne \u00e7\u0131karken, \u00e7ekimleri tamamlanan d\u00f6rt yeni klibin de izleyiciyle bulu\u015fmas\u0131 bekleniyor.<\/p>\n\n\n\n<h2 class=\"wp-block-heading\">\u201cKOR ALEV\u201d KL\u0130B\u0130NDEK\u0130 G\u0130ZEML\u0130 DETAY<\/h2>\n\n\n\n<p class=\"wp-block-paragraph\">Serpil Uzun\u00e7avdar\u2019\u0131n yeni \u00e7al\u0131\u015fmas\u0131n\u0131 dikkat \u00e7ekici hale getiren ayr\u0131nt\u0131lardan biri ise klipte ilk kez bir erke\u011fin foto\u011fraflar\u0131na yer vermesi oldu.<\/p>\n\n\n\n<p class=\"wp-block-paragraph\">\u00d6zel hayat\u0131n\u0131 bug\u00fcne kadar g\u00f6zlerden uzak ya\u015famay\u0131 tercih eden ve \u00f6zel ya\u015fam\u0131yla ilgili g\u00f6r\u00fcnt\u00fclere yer vermeyen Uzun\u00e7avdar\u2019\u0131n bu tercihi, klibi izleyenlerde merak uyand\u0131rd\u0131. Klipte foto\u011fraflar\u0131 kullan\u0131lan ki\u015finin Amerika\u2019da ya\u015fayan Berhan \u015eim\u015fek olmas\u0131 ise sanat\u00e7\u0131n\u0131n \u00f6zel hayat\u0131na ili\u015fkin sorular\u0131n g\u00fcndeme gelmesine neden oldu.<\/p>\n\n\n\n<p class=\"wp-block-paragraph\">Uzun\u00e7avdar, kendisine y\u00f6neltilen \u201cHayat\u0131nda biri mi var?\u201d sorusuna ise \u015fu s\u00f6zlerle yan\u0131t verdi:<\/p>\n\n\n\n<figure class=\"wp-block-image is-resized\"><img decoding=\"async\" src=\"https:\/\/fashiontrends.com.tr\/wp-content\/uploads\/2026\/08\/6a8d6fa4e6268-768x1024.jpeg\" alt=\"\" class=\"wp-image-96\" style=\"aspect-ratio:0.75;width:768px;height:auto\"\/><\/figure>\n\n\n\n<p class=\"wp-block-paragraph\">\u201cBerhan benim i\u00e7in ger\u00e7ekten \u00e7ok \u00f6zel bir insan. Onu karde\u015fim gibi g\u00f6r\u00fcyorum. Hayat\u0131n\u0131zda baz\u0131 insanlar vard\u0131r; aran\u0131zdaki ba\u011f\u0131 tek bir kelimeyle anlatamazs\u0131n\u0131z. Berhan da benim i\u00e7in \u00f6yle. Ona duydu\u011fum sevgi, g\u00fcven ve ba\u011fl\u0131l\u0131k \u00e7ok k\u0131ymetli. \u0130lk kez bir erke\u011fin foto\u011fraf\u0131n\u0131 klibimde kulland\u0131m, insanlar\u0131n \u2018Acaba?\u2019 demesini de anlayabiliyorum. Ama bunun cevab\u0131 benim i\u00e7in \u00e7ok net: Bu bir a\u015fk hik\u00e2yesi de\u011fil. Bu, kalbimde \u00e7ok \u00f6zel bir yere sahip olan bir karde\u015flik ve g\u00f6n\u00fcl ba\u011f\u0131. Berhan\u2019\u0131 hayat\u0131mda oldu\u011fu i\u00e7in \u00e7ok seviyor ve \u00e7ok k\u0131ymetli buluyorum.\u201d<\/p>\n\n\n\n<p class=\"wp-block-paragraph\">Uzun\u00e7avdar b\u00f6ylece klipteki dikkat \u00e7ekici tercihin ard\u0131ndaki anlam\u0131 da a\u00e7\u0131kl\u0131\u011fa kavu\u015ftururken, Berhan \u015eim\u015fek ile aras\u0131ndaki ili\u015fkinin karde\u015flik ve g\u00fc\u00e7l\u00fc bir g\u00f6n\u00fcl ba\u011f\u0131 oldu\u011funu ifade etti.<\/p>\n\n\n\n<figure class=\"wp-block-image is-resized\"><img decoding=\"async\" src=\"https:\/\/fashiontrends.com.tr\/wp-content\/uploads\/2026\/08\/6a8d6f9656f6c-576x1024.jpeg\" alt=\"\" class=\"wp-image-97\" style=\"aspect-ratio:0.5625;width:576px;height:auto\"\/><\/figure>\n\n\n\n<p class=\"wp-block-paragraph\">M\u00fczik kariyerinde \u00fcretmeye devam eden Serpil Uzun\u00e7avdar,&nbsp;<strong>\u201cKor Alev\u201d<\/strong>&nbsp;ile hem sanat\u00e7\u0131 kimli\u011fini hem de kendi m\u00fczikal d\u00fcnyas\u0131n\u0131 daha geni\u015f bir kitleyle bulu\u015fturuyor. \u015eark\u0131, t\u00fcm dijital m\u00fczik platformlar\u0131nda dinleyicilerin be\u011fenisine sunuldu.<\/p>\n","protected":false},"excerpt":{"rendered":"<p>Milli sporcu, ba\u015far\u0131l\u0131 i\u015f kad\u0131n\u0131 ve sanat\u00e7\u0131 kimli\u011fiyle dikkat \u00e7eken Serpil Uzun\u00e7avdar, s\u00f6z ve m\u00fczi\u011fi&#8230;<\/p>\n","protected":false},"author":1,"featured_media":178,"comment_status":"open","ping_status":"open","sticky":false,"template":"","format":"standard","meta":{"footnotes":""},"categories":[3],"tags":[],"class_list":["post-177","post","type-post","status-publish","format-standard","has-post-thumbnail","hentry","category-guncel"],"_links":{"self":[{"href":"https:\/\/lifestarmagazin.com.tr\/index.php?rest_route=\/wp\/v2\/posts\/177","targetHints":{"allow":["GET"]}}],"collection":[{"href":"https:\/\/lifestarmagazin.com.tr\/index.php?rest_route=\/wp\/v2\/posts"}],"about":[{"href":"https:\/\/lifestarmagazin.com.tr\/index.php?rest_route=\/wp\/v2\/types\/post"}],"author":[{"embeddable":true,"href":"https:\/\/lifestarmagazin.com.tr\/index.php?rest_route=\/wp\/v2\/users\/1"}],"replies":[{"embeddable":true,"href":"https:\/\/lifestarmagazin.com.tr\/index.php?rest_route=%2Fwp%2Fv2%2Fcomments&post=177"}],"version-history":[{"count":1,"href":"https:\/\/lifestarmagazin.com.tr\/index.php?rest_route=\/wp\/v2\/posts\/177\/revisions"}],"predecessor-version":[{"id":179,"href":"https:\/\/lifestarmagazin.com.tr\/index.php?rest_route=\/wp\/v2\/posts\/177\/revisions\/179"}],"wp:featuredmedia":[{"embeddable":true,"href":"https:\/\/lifestarmagazin.com.tr\/index.php?rest_route=\/wp\/v2\/media\/178"}],"wp:attachment":[{"href":"https:\/\/lifestarmagazin.com.tr\/index.php?rest_route=%2Fwp%2Fv2%2Fmedia&parent=177"}],"wp:term":[{"taxonomy":"category","embeddable":true,"href":"https:\/\/lifestarmagazin.com.tr\/index.php?rest_route=%2Fwp%2Fv2%2Fcategories&post=177"},{"taxonomy":"post_tag","embeddable":true,"href":"https:\/\/lifestarmagazin.com.tr\/index.php?rest_route=%2Fwp%2Fv2%2Ftags&post=177"}],"curies":[{"name":"wp","href":"https:\/\/api.w.org\/{rel}","templated":true}]}}