{"id":164,"date":"2026-08-30T13:02:54","date_gmt":"2026-08-30T13:02:54","guid":{"rendered":"https:\/\/lifestarmagazin.com.tr\/?p=164"},"modified":"2026-08-30T13:03:03","modified_gmt":"2026-08-30T13:03:03","slug":"italyan-moda-ikonu-chiara-ferragniden-turkiye-paylasimi-daha-once-hic-boyle-bir-sey-denemedim","status":"publish","type":"post","link":"https:\/\/lifestarmagazin.com.tr\/?p=164","title":{"rendered":"\u0130talyan Moda \u0130konu Chiara Ferragni\u2019den T\u00fcrkiye Payla\u015f\u0131m\u0131: \u201cDaha \u00d6nce Hi\u00e7 B\u00f6yle Bir \u015eey Denemedim\u201d"},"content":{"rendered":"\n<p class=\"wp-block-paragraph\">\u0130talyan moda ikonu Chiara Ferragni, ailesiyle birlikte geldi\u011fi Antalya tatilinde T\u00fcrk k\u00fclt\u00fcr\u00fcn\u00fc deneyimledi. Ferragni, T\u00fcrk hamam\u0131nda geleneksel kese k\u00f6p\u00fck yapt\u0131rd\u0131\u011f\u0131 anlar\u0131 sosyal medya hesab\u0131ndan payla\u015ft\u0131.<\/p>\n\n\n\n<figure class=\"wp-block-image size-full\"><img loading=\"lazy\" decoding=\"async\" width=\"640\" height=\"853\" src=\"https:\/\/lifestarmagazin.com.tr\/wp-content\/uploads\/2026\/08\/italyan-moda-ikonundan-olay-tu-20106085-4606_1_m.png\" alt=\"\" class=\"wp-image-167\" srcset=\"https:\/\/lifestarmagazin.com.tr\/wp-content\/uploads\/2026\/08\/italyan-moda-ikonundan-olay-tu-20106085-4606_1_m.png 640w, https:\/\/lifestarmagazin.com.tr\/wp-content\/uploads\/2026\/08\/italyan-moda-ikonundan-olay-tu-20106085-4606_1_m-225x300.png 225w\" sizes=\"auto, (max-width: 640px) 100vw, 640px\" \/><\/figure>\n\n\n\n<p class=\"wp-block-paragraph\">\u0130ki \u00e7ocu\u011fu, k\u0131z karde\u015fi Francesca Ferragni ve ye\u011fenleriyle Antalya\u2019da tatil yapan Ferragni, g\u00fcn boyunca ailesiyle vakit ge\u00e7irirken T\u00fcrk mutfa\u011f\u0131n\u0131n geleneksel lezzetlerini de deneyimledi.<\/p>\n\n\n\n<h3 class=\"wp-block-heading\">HAMAM DENEY\u0130M\u0130N\u0130 PAYLA\u015eTI<\/h3>\n\n\n\n<figure class=\"wp-block-image size-full\"><img loading=\"lazy\" decoding=\"async\" width=\"577\" height=\"1024\" src=\"https:\/\/lifestarmagazin.com.tr\/wp-content\/uploads\/2026\/08\/italyan-moda-ikonundan-olay-tu-20106085-8094_1_m-577x1024-1.jpg\" alt=\"\" class=\"wp-image-168\" srcset=\"https:\/\/lifestarmagazin.com.tr\/wp-content\/uploads\/2026\/08\/italyan-moda-ikonundan-olay-tu-20106085-8094_1_m-577x1024-1.jpg 577w, https:\/\/lifestarmagazin.com.tr\/wp-content\/uploads\/2026\/08\/italyan-moda-ikonundan-olay-tu-20106085-8094_1_m-577x1024-1-169x300.jpg 169w\" sizes=\"auto, (max-width: 577px) 100vw, 577px\" \/><\/figure>\n\n\n\n<p class=\"wp-block-paragraph\">Antalya tatilinde T\u00fcrk hamam\u0131n\u0131 ziyaret eden Chiara Ferragni, burada geleneksel kese k\u00f6p\u00fck yapt\u0131rd\u0131. O anlara ili\u015fkin g\u00f6r\u00fcnt\u00fcleri 27,3 milyon takip\u00e7ili Instagram hesab\u0131ndan payla\u015fan Ferragni, payla\u015f\u0131m\u0131na \u201cDaha \u00f6nce hi\u00e7 b\u00f6yle bir \u015fey denemedim\u201d notunu ekledi.<\/p>\n\n\n\n<figure class=\"wp-block-image size-large\"><img loading=\"lazy\" decoding=\"async\" width=\"577\" height=\"1024\" src=\"https:\/\/lifestarmagazin.com.tr\/wp-content\/uploads\/2026\/08\/italyan-moda-ikonundan-olay-tu-20106085-3651_1_m-577x1024.png\" alt=\"\" class=\"wp-image-169\" srcset=\"https:\/\/lifestarmagazin.com.tr\/wp-content\/uploads\/2026\/08\/italyan-moda-ikonundan-olay-tu-20106085-3651_1_m-577x1024.png 577w, https:\/\/lifestarmagazin.com.tr\/wp-content\/uploads\/2026\/08\/italyan-moda-ikonundan-olay-tu-20106085-3651_1_m-169x300.png 169w, https:\/\/lifestarmagazin.com.tr\/wp-content\/uploads\/2026\/08\/italyan-moda-ikonundan-olay-tu-20106085-3651_1_m.png 640w\" sizes=\"auto, (max-width: 577px) 100vw, 577px\" \/><\/figure>\n\n\n\n<h3 class=\"wp-block-heading\">T\u00dcRK\u0130YE\u2019YE \u0130LG\u0130S\u0130N\u0130 S\u00dcRD\u00dcR\u00dcYOR<\/h3>\n\n\n\n<p class=\"wp-block-paragraph\">T\u00fcrkiye\u2019de daha \u00f6nce de tatil yapan Ferragni, Akdeniz B\u00f6lgesi\u2019ndeki tatil b\u00f6lgelerini ziyaret etmi\u015fti. \u00dcnl\u00fc isim, bu kez de Antalya\u2019da ailesiyle birlikte tatil yap\u0131yor.<\/p>\n\n\n\n<figure class=\"wp-block-image size-large\"><img loading=\"lazy\" decoding=\"async\" width=\"577\" height=\"1024\" src=\"https:\/\/lifestarmagazin.com.tr\/wp-content\/uploads\/2026\/08\/italyan-moda-ikonundan-olay-tu-20106085-3106_1_m-577x1024.png\" alt=\"\" class=\"wp-image-170\" srcset=\"https:\/\/lifestarmagazin.com.tr\/wp-content\/uploads\/2026\/08\/italyan-moda-ikonundan-olay-tu-20106085-3106_1_m-577x1024.png 577w, https:\/\/lifestarmagazin.com.tr\/wp-content\/uploads\/2026\/08\/italyan-moda-ikonundan-olay-tu-20106085-3106_1_m-169x300.png 169w, https:\/\/lifestarmagazin.com.tr\/wp-content\/uploads\/2026\/08\/italyan-moda-ikonundan-olay-tu-20106085-3106_1_m.png 640w\" sizes=\"auto, (max-width: 577px) 100vw, 577px\" \/><\/figure>\n\n\n\n<h3 class=\"wp-block-heading\">A\u0130LES\u0130YLE TAT\u0130L YAPIYOR<\/h3>\n\n\n\n<p class=\"wp-block-paragraph\">Chiara Ferragni, Antalya\u2019daki tatilinde \u00e7ocuklar\u0131 ve ailesiyle vakit ge\u00e7iriyor. G\u00fcnd\u00fczleri deniz ve g\u00fcne\u015fin tad\u0131n\u0131 \u00e7\u0131karan Ferragni, ak\u015fam saatlerinde ise T\u00fcrk mutfa\u011f\u0131n\u0131n lezzetlerini ke\u015ffediyor.<\/p>\n","protected":false},"excerpt":{"rendered":"<p>\u0130talyan moda ikonu Chiara Ferragni, ailesiyle birlikte geldi\u011fi Antalya tatilinde T\u00fcrk k\u00fclt\u00fcr\u00fcn\u00fc deneyimledi. Ferragni, T\u00fcrk&#8230;<\/p>\n","protected":false},"author":1,"featured_media":166,"comment_status":"open","ping_status":"open","sticky":false,"template":"","format":"standard","meta":{"footnotes":""},"categories":[3],"tags":[],"class_list":["post-164","post","type-post","status-publish","format-standard","has-post-thumbnail","hentry","category-guncel"],"_links":{"self":[{"href":"https:\/\/lifestarmagazin.com.tr\/index.php?rest_route=\/wp\/v2\/posts\/164","targetHints":{"allow":["GET"]}}],"collection":[{"href":"https:\/\/lifestarmagazin.com.tr\/index.php?rest_route=\/wp\/v2\/posts"}],"about":[{"href":"https:\/\/lifestarmagazin.com.tr\/index.php?rest_route=\/wp\/v2\/types\/post"}],"author":[{"embeddable":true,"href":"https:\/\/lifestarmagazin.com.tr\/index.php?rest_route=\/wp\/v2\/users\/1"}],"replies":[{"embeddable":true,"href":"https:\/\/lifestarmagazin.com.tr\/index.php?rest_route=%2Fwp%2Fv2%2Fcomments&post=164"}],"version-history":[{"count":1,"href":"https:\/\/lifestarmagazin.com.tr\/index.php?rest_route=\/wp\/v2\/posts\/164\/revisions"}],"predecessor-version":[{"id":171,"href":"https:\/\/lifestarmagazin.com.tr\/index.php?rest_route=\/wp\/v2\/posts\/164\/revisions\/171"}],"wp:featuredmedia":[{"embeddable":true,"href":"https:\/\/lifestarmagazin.com.tr\/index.php?rest_route=\/wp\/v2\/media\/166"}],"wp:attachment":[{"href":"https:\/\/lifestarmagazin.com.tr\/index.php?rest_route=%2Fwp%2Fv2%2Fmedia&parent=164"}],"wp:term":[{"taxonomy":"category","embeddable":true,"href":"https:\/\/lifestarmagazin.com.tr\/index.php?rest_route=%2Fwp%2Fv2%2Fcategories&post=164"},{"taxonomy":"post_tag","embeddable":true,"href":"https:\/\/lifestarmagazin.com.tr\/index.php?rest_route=%2Fwp%2Fv2%2Ftags&post=164"}],"curies":[{"name":"wp","href":"https:\/\/api.w.org\/{rel}","templated":true}]}}