{"id":100,"date":"2026-06-27T00:05:17","date_gmt":"2026-06-27T00:05:17","guid":{"rendered":"https:\/\/lifestarmagazin.com.tr\/?p=100"},"modified":"2026-06-27T00:05:17","modified_gmt":"2026-06-27T00:05:17","slug":"sibel-can-sahnede-ahmet-kayanin-sarkisini-soylerken-gozyaslarina-boguldu","status":"publish","type":"post","link":"https:\/\/lifestarmagazin.com.tr\/?p=100","title":{"rendered":"Sibel Can, sahnede Ahmet Kaya&#8217;n\u0131n \u015fark\u0131s\u0131n\u0131 s\u00f6ylerken g\u00f6zya\u015flar\u0131na bo\u011fuldu"},"content":{"rendered":"\n<p class=\"wp-block-paragraph\">T\u00fcrk m\u00fczi\u011finin g\u00fc\u00e7l\u00fc sesi Sibel Can, \u0130zmir&#8217;de ger\u00e7ekle\u015ftirdi\u011fi konserde muhte\u015fem performans\u0131yla g\u00f6z doldururken, sahnede Ahmet Kaya&#8217;n\u0131n unutulmaz eseri &#8220;Kendine \u0130yi Bak&#8221;\u0131 seslendirdi\u011fi s\u0131rada g\u00f6zya\u015flar\u0131na hakim olamad\u0131.<\/p>\n\n\n\n<p class=\"wp-block-paragraph\">Fantezi ve pop m\u00fczi\u011fin en sevilen seslerinden&nbsp;<a href=\"https:\/\/www.sondakika.com\/sibel-can\/\">Sibel Can<\/a>, \u0130zmir\u2019de m\u00fczikseverlerle bir araya geldi\u011fi dev konserde unutulmaz bir geceye imza att\u0131.<\/p>\n\n\n\n<p class=\"wp-block-paragraph\">Hayranlar\u0131n\u0131n yo\u011fun ilgi g\u00f6sterdi\u011fi ve biletlerin g\u00fcnler \u00f6ncesinden t\u00fckendi\u011fi gecede \u00fcnl\u00fc sanat\u00e7\u0131, geni\u015f repertuvar\u0131 ve sahne enerjisiyle dinleyicilerini b\u00fcy\u00fcledi. Ge\u00e7mi\u015ften g\u00fcn\u00fcm\u00fcze hit olmu\u015f sevilen eserlerini pe\u015f pe\u015fe seslendiren usta yorumcu, her \u015fark\u0131s\u0131n\u0131n ard\u0131ndan salondan b\u00fcy\u00fck alk\u0131\u015f toplad\u0131.<\/p>\n\n\n\n<h3 class=\"wp-block-heading\">AHMET KAYA&#8217;NIN \u015eARKISINI SESLEND\u0130R\u0130RKEN G\u00d6ZYA\u015eLARINI TUTAMADI<\/h3>\n\n\n\n<p class=\"wp-block-paragraph\">Konserin co\u015fkulu havas\u0131, gecenin ilerleyen saatlerinde yerini derin bir h\u00fczne ve duygu seline b\u0131rakt\u0131. Gecenin en dikkat \u00e7eken ve haf\u0131zalara kaz\u0131nan an\u0131, Sibel Can&#8217;\u0131n&nbsp;<a href=\"https:\/\/www.sondakika.com\/ahmet-kaya-2\/\">Ahmet Kaya<\/a>&#8216;n\u0131n ikonikle\u015fen &#8220;Kendine \u0130yi Bak&#8221; \u015fark\u0131s\u0131n\u0131 seslendirmeye ba\u015flad\u0131\u011f\u0131 dakikalarda ya\u015fand\u0131.<\/p>\n\n\n\n<p class=\"wp-block-paragraph\">\u015eark\u0131n\u0131n duygu y\u00fckl\u00fc s\u00f6zleri e\u015fli\u011finde performans\u0131n\u0131 s\u00fcrd\u00fcren Sibel Can, sahnede daha fazla dayanamayarak g\u00f6zya\u015flar\u0131na bo\u011fuldu. Sanat\u00e7\u0131n\u0131n a\u011flayarak \u015fark\u0131ya devam etti\u011fi o i\u00e7ten ve h\u00fcz\u00fcnl\u00fc anlar, konser salonunda adeta zaman\u0131 durdurdu ve derin bir sessizlik olu\u015fturdu.<\/p>\n\n\n\n<h3 class=\"wp-block-heading\">D\u0130NLEY\u0130C\u0130LERDEN DESTEK ALKI\u015eI<\/h3>\n\n\n\n<p class=\"wp-block-paragraph\">Sahnede devle\u015fen Sibel Can&#8217;\u0131n bu samimi ve duygu dolu performans\u0131 kar\u015f\u0131s\u0131nda \u0130zmirli m\u00fczikseverler de sessizli\u011fini bozarak sanat\u00e7\u0131y\u0131 dakikalarca ayakta alk\u0131\u015flad\u0131. G\u00f6zya\u015flar\u0131n\u0131 silerek kendisini yaln\u0131z b\u0131rakmayan ve \u015fark\u0131ya hep bir a\u011f\u0131zdan e\u015flik eden dev koroya te\u015fekk\u00fcr eden \u00fcnl\u00fc sanat\u00e7\u0131, duygu dolu anlar\u0131n ard\u0131ndan konserine kald\u0131\u011f\u0131 yerden devam etti.<\/p>\n","protected":false},"excerpt":{"rendered":"<p>T\u00fcrk m\u00fczi\u011finin g\u00fc\u00e7l\u00fc sesi Sibel Can, \u0130zmir&#8217;de ger\u00e7ekle\u015ftirdi\u011fi konserde muhte\u015fem performans\u0131yla g\u00f6z doldururken, sahnede Ahmet&#8230;<\/p>\n","protected":false},"author":1,"featured_media":101,"comment_status":"open","ping_status":"open","sticky":false,"template":"","format":"standard","meta":{"footnotes":""},"categories":[3],"tags":[],"class_list":["post-100","post","type-post","status-publish","format-standard","has-post-thumbnail","hentry","category-guncel"],"_links":{"self":[{"href":"https:\/\/lifestarmagazin.com.tr\/index.php?rest_route=\/wp\/v2\/posts\/100","targetHints":{"allow":["GET"]}}],"collection":[{"href":"https:\/\/lifestarmagazin.com.tr\/index.php?rest_route=\/wp\/v2\/posts"}],"about":[{"href":"https:\/\/lifestarmagazin.com.tr\/index.php?rest_route=\/wp\/v2\/types\/post"}],"author":[{"embeddable":true,"href":"https:\/\/lifestarmagazin.com.tr\/index.php?rest_route=\/wp\/v2\/users\/1"}],"replies":[{"embeddable":true,"href":"https:\/\/lifestarmagazin.com.tr\/index.php?rest_route=%2Fwp%2Fv2%2Fcomments&post=100"}],"version-history":[{"count":1,"href":"https:\/\/lifestarmagazin.com.tr\/index.php?rest_route=\/wp\/v2\/posts\/100\/revisions"}],"predecessor-version":[{"id":102,"href":"https:\/\/lifestarmagazin.com.tr\/index.php?rest_route=\/wp\/v2\/posts\/100\/revisions\/102"}],"wp:featuredmedia":[{"embeddable":true,"href":"https:\/\/lifestarmagazin.com.tr\/index.php?rest_route=\/wp\/v2\/media\/101"}],"wp:attachment":[{"href":"https:\/\/lifestarmagazin.com.tr\/index.php?rest_route=%2Fwp%2Fv2%2Fmedia&parent=100"}],"wp:term":[{"taxonomy":"category","embeddable":true,"href":"https:\/\/lifestarmagazin.com.tr\/index.php?rest_route=%2Fwp%2Fv2%2Fcategories&post=100"},{"taxonomy":"post_tag","embeddable":true,"href":"https:\/\/lifestarmagazin.com.tr\/index.php?rest_route=%2Fwp%2Fv2%2Ftags&post=100"}],"curies":[{"name":"wp","href":"https:\/\/api.w.org\/{rel}","templated":true}]}}